{"id":6782,"date":"2026-03-01T22:58:02","date_gmt":"2026-03-01T20:58:02","guid":{"rendered":"https:\/\/szentistvan.dnyem.hu\/?p=6782"},"modified":"2026-03-01T22:58:02","modified_gmt":"2026-03-01T20:58:02","slug":"maria-es-marta-noi-imakor-5","status":"publish","type":"post","link":"https:\/\/szentistvan.dnyem.hu\/?p=6782","title":{"rendered":"M\u00e1ria \u00e9s M\u00e1rta n\u0151i imak\u00f6r"},"content":{"rendered":"\n<p><strong>M\u00e1rcius 4-\u00e9n (szerd\u00e1n) 16:45-t\u0151l a sz\u00e9kesegyh\u00e1z 5. term\u00e9ben lesz a M\u00e1ria \u00e9s M\u00e1rta n\u0151i imak\u00f6r az egyed\u00fcl\u00e1ll\u00f3 n\u0151knek \u00e9s asszonyoknak (\u00e9desany\u00e1knak \u00e9s nagymam\u00e1knak).<\/strong><\/p>\n","protected":false},"excerpt":{"rendered":"<p>M\u00e1rcius 4-\u00e9n (szerd\u00e1n) 16:45-t\u0151l a sz\u00e9kesegyh\u00e1z 5. term\u00e9ben lesz a M\u00e1ria \u00e9s M\u00e1rta n\u0151i imak\u00f6r az egyed\u00fcl\u00e1ll\u00f3 n\u0151knek \u00e9s asszonyoknak (\u00e9desany\u00e1knak \u00e9s nagymam\u00e1knak).<\/p>\n","protected":false},"author":2,"featured_media":0,"comment_status":"closed","ping_status":"open","sticky":false,"template":"","format":"standard","meta":[],"categories":[9,2],"tags":[],"_links":{"self":[{"href":"https:\/\/szentistvan.dnyem.hu\/index.php?rest_route=\/wp\/v2\/posts\/6782"}],"collection":[{"href":"https:\/\/szentistvan.dnyem.hu\/index.php?rest_route=\/wp\/v2\/posts"}],"about":[{"href":"https:\/\/szentistvan.dnyem.hu\/index.php?rest_route=\/wp\/v2\/types\/post"}],"author":[{"embeddable":true,"href":"https:\/\/szentistvan.dnyem.hu\/index.php?rest_route=\/wp\/v2\/users\/2"}],"replies":[{"embeddable":true,"href":"https:\/\/szentistvan.dnyem.hu\/index.php?rest_route=%2Fwp%2Fv2%2Fcomments&post=6782"}],"version-history":[{"count":1,"href":"https:\/\/szentistvan.dnyem.hu\/index.php?rest_route=\/wp\/v2\/posts\/6782\/revisions"}],"predecessor-version":[{"id":6783,"href":"https:\/\/szentistvan.dnyem.hu\/index.php?rest_route=\/wp\/v2\/posts\/6782\/revisions\/6783"}],"wp:attachment":[{"href":"https:\/\/szentistvan.dnyem.hu\/index.php?rest_route=%2Fwp%2Fv2%2Fmedia&parent=6782"}],"wp:term":[{"taxonomy":"category","embeddable":true,"href":"https:\/\/szentistvan.dnyem.hu\/index.php?rest_route=%2Fwp%2Fv2%2Fcategories&post=6782"},{"taxonomy":"post_tag","embeddable":true,"href":"https:\/\/szentistvan.dnyem.hu\/index.php?rest_route=%2Fwp%2Fv2%2Ftags&post=6782"}],"curies":[{"name":"wp","href":"https:\/\/api.w.org\/{rel}","templated":true}]}}