{"id":6779,"date":"2026-03-01T22:55:27","date_gmt":"2026-03-01T20:55:27","guid":{"rendered":"https:\/\/szentistvan.dnyem.hu\/?p=6779"},"modified":"2026-03-01T22:55:44","modified_gmt":"2026-03-01T20:55:44","slug":"6779","status":"publish","type":"post","link":"https:\/\/szentistvan.dnyem.hu\/?p=6779","title":{"rendered":"Filmklub"},"content":{"rendered":"\n<p><strong>M\u00e1rcius 3-\u00e1n (kedden) 18 \u00f3r\u00e1t\u00f3l a Varga utca 3. sz\u00e1m alatti Kateketikai K\u00f6zpontban megn\u00e9zz\u00fck a 2012-ben k\u00e9sz\u00fclt <a rel=\"noreferrer noopener\" href=\"Egy kiv\u00e9teles ember\" target=\"_blank\">Gutmann: Egy kiv\u00e9teles ember<\/a> c\u00edm\u0171 angol filmet<\/strong>. A filmvet\u00edt\u00e9st besz\u00e9lget\u00e9s k\u00f6veti a l\u00e1tottakr\u00f3l.<\/p>\n","protected":false},"excerpt":{"rendered":"<p>M\u00e1rcius 3-\u00e1n (kedden) 18 \u00f3r\u00e1t\u00f3l a Varga utca 3. sz\u00e1m alatti Kateketikai K\u00f6zpontban megn\u00e9zz\u00fck a 2012-ben k\u00e9sz\u00fclt Gutmann: Egy kiv\u00e9teles ember c\u00edm\u0171 angol filmet. A&#8230;<\/p>\n","protected":false},"author":2,"featured_media":0,"comment_status":"closed","ping_status":"open","sticky":false,"template":"","format":"standard","meta":[],"categories":[1,2],"tags":[],"_links":{"self":[{"href":"https:\/\/szentistvan.dnyem.hu\/index.php?rest_route=\/wp\/v2\/posts\/6779"}],"collection":[{"href":"https:\/\/szentistvan.dnyem.hu\/index.php?rest_route=\/wp\/v2\/posts"}],"about":[{"href":"https:\/\/szentistvan.dnyem.hu\/index.php?rest_route=\/wp\/v2\/types\/post"}],"author":[{"embeddable":true,"href":"https:\/\/szentistvan.dnyem.hu\/index.php?rest_route=\/wp\/v2\/users\/2"}],"replies":[{"embeddable":true,"href":"https:\/\/szentistvan.dnyem.hu\/index.php?rest_route=%2Fwp%2Fv2%2Fcomments&post=6779"}],"version-history":[{"count":2,"href":"https:\/\/szentistvan.dnyem.hu\/index.php?rest_route=\/wp\/v2\/posts\/6779\/revisions"}],"predecessor-version":[{"id":6781,"href":"https:\/\/szentistvan.dnyem.hu\/index.php?rest_route=\/wp\/v2\/posts\/6779\/revisions\/6781"}],"wp:attachment":[{"href":"https:\/\/szentistvan.dnyem.hu\/index.php?rest_route=%2Fwp%2Fv2%2Fmedia&parent=6779"}],"wp:term":[{"taxonomy":"category","embeddable":true,"href":"https:\/\/szentistvan.dnyem.hu\/index.php?rest_route=%2Fwp%2Fv2%2Fcategories&post=6779"},{"taxonomy":"post_tag","embeddable":true,"href":"https:\/\/szentistvan.dnyem.hu\/index.php?rest_route=%2Fwp%2Fv2%2Ftags&post=6779"}],"curies":[{"name":"wp","href":"https:\/\/api.w.org\/{rel}","templated":true}]}}