{"id":6760,"date":"2026-02-22T20:30:19","date_gmt":"2026-02-22T18:30:19","guid":{"rendered":"https:\/\/szentistvan.dnyem.hu\/?p=6760"},"modified":"2026-02-22T20:30:19","modified_gmt":"2026-02-22T18:30:19","slug":"debreceni-katolikus-figyelo","status":"publish","type":"post","link":"https:\/\/szentistvan.dnyem.hu\/?p=6760","title":{"rendered":"Debreceni Katolikus Figyel\u0151"},"content":{"rendered":"\n<p><strong>A Debreceni Katolikus Figyel\u0151 nagyb\u00f6jtre megjelent sz\u00e1ma elvihet\u0151 a sz\u00e9kesegyh\u00e1zb\u00f3l, az el\u0151t\u00e9ri asztalr\u00f3l 200 Ft-os \u00e1ron.<\/strong> Gondoljunk azokra is, akiknek kedv\u00e9ben j\u00e1rhatunk azzal, ha \u0151k is k\u00e9zbe vehetik a Figyel\u0151 egy p\u00e9ld\u00e1ny\u00e1t.<\/p>\n","protected":false},"excerpt":{"rendered":"<p>A Debreceni Katolikus Figyel\u0151 nagyb\u00f6jtre megjelent sz\u00e1ma elvihet\u0151 a sz\u00e9kesegyh\u00e1zb\u00f3l, az el\u0151t\u00e9ri asztalr\u00f3l 200 Ft-os \u00e1ron. Gondoljunk azokra is, akiknek kedv\u00e9ben j\u00e1rhatunk azzal, ha \u0151k&#8230;<\/p>\n","protected":false},"author":2,"featured_media":0,"comment_status":"closed","ping_status":"open","sticky":false,"template":"","format":"standard","meta":[],"categories":[1],"tags":[],"_links":{"self":[{"href":"https:\/\/szentistvan.dnyem.hu\/index.php?rest_route=\/wp\/v2\/posts\/6760"}],"collection":[{"href":"https:\/\/szentistvan.dnyem.hu\/index.php?rest_route=\/wp\/v2\/posts"}],"about":[{"href":"https:\/\/szentistvan.dnyem.hu\/index.php?rest_route=\/wp\/v2\/types\/post"}],"author":[{"embeddable":true,"href":"https:\/\/szentistvan.dnyem.hu\/index.php?rest_route=\/wp\/v2\/users\/2"}],"replies":[{"embeddable":true,"href":"https:\/\/szentistvan.dnyem.hu\/index.php?rest_route=%2Fwp%2Fv2%2Fcomments&post=6760"}],"version-history":[{"count":1,"href":"https:\/\/szentistvan.dnyem.hu\/index.php?rest_route=\/wp\/v2\/posts\/6760\/revisions"}],"predecessor-version":[{"id":6761,"href":"https:\/\/szentistvan.dnyem.hu\/index.php?rest_route=\/wp\/v2\/posts\/6760\/revisions\/6761"}],"wp:attachment":[{"href":"https:\/\/szentistvan.dnyem.hu\/index.php?rest_route=%2Fwp%2Fv2%2Fmedia&parent=6760"}],"wp:term":[{"taxonomy":"category","embeddable":true,"href":"https:\/\/szentistvan.dnyem.hu\/index.php?rest_route=%2Fwp%2Fv2%2Fcategories&post=6760"},{"taxonomy":"post_tag","embeddable":true,"href":"https:\/\/szentistvan.dnyem.hu\/index.php?rest_route=%2Fwp%2Fv2%2Ftags&post=6760"}],"curies":[{"name":"wp","href":"https:\/\/api.w.org\/{rel}","templated":true}]}}