{"id":6757,"date":"2026-02-22T20:26:56","date_gmt":"2026-02-22T18:26:56","guid":{"rendered":"https:\/\/szentistvan.dnyem.hu\/?p=6757"},"modified":"2026-02-22T20:28:48","modified_gmt":"2026-02-22T18:28:48","slug":"keresztut-5","status":"publish","type":"post","link":"https:\/\/szentistvan.dnyem.hu\/?p=6757","title":{"rendered":"Kereszt\u00fat"},"content":{"rendered":"\n<p><strong>P\u00e9ntekenk\u00e9nt 18 \u00f3r\u00e1t\u00f3l im\u00e1dkozzuk a <a href=\"https:\/\/lexikon.katolikus.hu\/K\/Kereszt%C3%BAt.html\" target=\"_blank\" rel=\"noreferrer noopener\">keresztutat<\/a>. Min\u00e9l t\u00f6bben vegy\u00fcnk r\u00e9szt rajta, \u00e9s elm\u00e9lkedj\u00fcnk Krisztus Urunk szenved\u00e9s\u00e9r\u0151l.<\/strong><\/p>\n","protected":false},"excerpt":{"rendered":"<p>P\u00e9ntekenk\u00e9nt 18 \u00f3r\u00e1t\u00f3l im\u00e1dkozzuk a keresztutat. Min\u00e9l t\u00f6bben vegy\u00fcnk r\u00e9szt rajta, \u00e9s elm\u00e9lkedj\u00fcnk Krisztus Urunk szenved\u00e9s\u00e9r\u0151l.<\/p>\n","protected":false},"author":2,"featured_media":0,"comment_status":"closed","ping_status":"open","sticky":false,"template":"","format":"standard","meta":[],"categories":[9,2],"tags":[],"_links":{"self":[{"href":"https:\/\/szentistvan.dnyem.hu\/index.php?rest_route=\/wp\/v2\/posts\/6757"}],"collection":[{"href":"https:\/\/szentistvan.dnyem.hu\/index.php?rest_route=\/wp\/v2\/posts"}],"about":[{"href":"https:\/\/szentistvan.dnyem.hu\/index.php?rest_route=\/wp\/v2\/types\/post"}],"author":[{"embeddable":true,"href":"https:\/\/szentistvan.dnyem.hu\/index.php?rest_route=\/wp\/v2\/users\/2"}],"replies":[{"embeddable":true,"href":"https:\/\/szentistvan.dnyem.hu\/index.php?rest_route=%2Fwp%2Fv2%2Fcomments&post=6757"}],"version-history":[{"count":2,"href":"https:\/\/szentistvan.dnyem.hu\/index.php?rest_route=\/wp\/v2\/posts\/6757\/revisions"}],"predecessor-version":[{"id":6759,"href":"https:\/\/szentistvan.dnyem.hu\/index.php?rest_route=\/wp\/v2\/posts\/6757\/revisions\/6759"}],"wp:attachment":[{"href":"https:\/\/szentistvan.dnyem.hu\/index.php?rest_route=%2Fwp%2Fv2%2Fmedia&parent=6757"}],"wp:term":[{"taxonomy":"category","embeddable":true,"href":"https:\/\/szentistvan.dnyem.hu\/index.php?rest_route=%2Fwp%2Fv2%2Fcategories&post=6757"},{"taxonomy":"post_tag","embeddable":true,"href":"https:\/\/szentistvan.dnyem.hu\/index.php?rest_route=%2Fwp%2Fv2%2Ftags&post=6757"}],"curies":[{"name":"wp","href":"https:\/\/api.w.org\/{rel}","templated":true}]}}