{"id":6755,"date":"2026-02-22T20:24:48","date_gmt":"2026-02-22T18:24:48","guid":{"rendered":"https:\/\/szentistvan.dnyem.hu\/?p=6755"},"modified":"2026-02-22T20:24:48","modified_gmt":"2026-02-22T18:24:48","slug":"imaest-a-bekeert","status":"publish","type":"post","link":"https:\/\/szentistvan.dnyem.hu\/?p=6755","title":{"rendered":"Imaest a b\u00e9k\u00e9\u00e9rt"},"content":{"rendered":"\n<p><strong>Febru\u00e1r 24-\u00e9n (kedden) 18 \u00f3r\u00e1t\u00f3l imaestet tartanak a b\u00e9k\u00e9\u00e9rt a Reform\u00e1tus Nagytemplomban a n\u00e9gy \u00e9ve tart\u00f3 orosz\u2013ukr\u00e1n h\u00e1bor\u00fa befejez\u00e9s\u00e9\u00e9rt. Az im\u00e1dkoz\u00e1son szolg\u00e1lni fog Pocsai S\u00e1ndor k\u00e1rp\u00e1taljai ref. lelkip\u00e1sztor; k\u00f6zrem\u0171k\u00f6dnek a K\u00e1rp\u00e1taljai Megyei Magyar Dr\u00e1ma Sz\u00ednh\u00e1z m\u0171v\u00e9szei.<\/strong><br>B\u0151vebb inform\u00e1ci\u00f3 olvashat\u00f3:<br><a rel=\"noreferrer noopener\" href=\"https:\/\/www.facebook.com\/events\/26102519816031171\" target=\"_blank\">https:\/\/www.facebook.com\/events\/26102519816031171<\/a> <\/p>\n","protected":false},"excerpt":{"rendered":"<p>Febru\u00e1r 24-\u00e9n (kedden) 18 \u00f3r\u00e1t\u00f3l imaestet tartanak a b\u00e9k\u00e9\u00e9rt a Reform\u00e1tus Nagytemplomban a n\u00e9gy \u00e9ve tart\u00f3 orosz\u2013ukr\u00e1n h\u00e1bor\u00fa befejez\u00e9s\u00e9\u00e9rt. Az im\u00e1dkoz\u00e1son szolg\u00e1lni fog Pocsai S\u00e1ndor&#8230;<\/p>\n","protected":false},"author":2,"featured_media":0,"comment_status":"closed","ping_status":"open","sticky":false,"template":"","format":"standard","meta":[],"categories":[1,9,2],"tags":[],"_links":{"self":[{"href":"https:\/\/szentistvan.dnyem.hu\/index.php?rest_route=\/wp\/v2\/posts\/6755"}],"collection":[{"href":"https:\/\/szentistvan.dnyem.hu\/index.php?rest_route=\/wp\/v2\/posts"}],"about":[{"href":"https:\/\/szentistvan.dnyem.hu\/index.php?rest_route=\/wp\/v2\/types\/post"}],"author":[{"embeddable":true,"href":"https:\/\/szentistvan.dnyem.hu\/index.php?rest_route=\/wp\/v2\/users\/2"}],"replies":[{"embeddable":true,"href":"https:\/\/szentistvan.dnyem.hu\/index.php?rest_route=%2Fwp%2Fv2%2Fcomments&post=6755"}],"version-history":[{"count":1,"href":"https:\/\/szentistvan.dnyem.hu\/index.php?rest_route=\/wp\/v2\/posts\/6755\/revisions"}],"predecessor-version":[{"id":6756,"href":"https:\/\/szentistvan.dnyem.hu\/index.php?rest_route=\/wp\/v2\/posts\/6755\/revisions\/6756"}],"wp:attachment":[{"href":"https:\/\/szentistvan.dnyem.hu\/index.php?rest_route=%2Fwp%2Fv2%2Fmedia&parent=6755"}],"wp:term":[{"taxonomy":"category","embeddable":true,"href":"https:\/\/szentistvan.dnyem.hu\/index.php?rest_route=%2Fwp%2Fv2%2Fcategories&post=6755"},{"taxonomy":"post_tag","embeddable":true,"href":"https:\/\/szentistvan.dnyem.hu\/index.php?rest_route=%2Fwp%2Fv2%2Ftags&post=6755"}],"curies":[{"name":"wp","href":"https:\/\/api.w.org\/{rel}","templated":true}]}}