{"id":6675,"date":"2026-01-10T23:50:45","date_gmt":"2026-01-10T21:50:45","guid":{"rendered":"https:\/\/szentistvan.dnyem.hu\/?p=6675"},"modified":"2026-01-10T23:50:45","modified_gmt":"2026-01-10T21:50:45","slug":"okumenikus-ifjusagi-talalkozo","status":"publish","type":"post","link":"https:\/\/szentistvan.dnyem.hu\/?p=6675","title":{"rendered":"\u00d6kumenikus Ifj\u00fas\u00e1gi Tal\u00e1lkoz\u00f3"},"content":{"rendered":"\n<p><strong>Szombaton, janu\u00e1r 17-\u00e9n lesz \u00d6kumenikus Ifj\u00fas\u00e1gi Tal\u00e1lkoz\u00f3 17 \u00f3r\u00e1t\u00f3l a Reform\u00e1tus Koll\u00e9gium d\u00edszterm\u00e9ben,<\/strong> amelyre szeretettel h\u00edvj\u00e1k fiataljainkat. <strong>A r\u00e9sztvev\u0151k az al\u00e1bbi linken tudnak regisztr\u00e1lni az \u00f6kumenikus ifj\u00fas\u00e1gi tal\u00e1lkoz\u00f3ra:<br><a href=\"https:\/\/forms.gle\/JeWE4cvKMgfGqsja9\" target=\"_blank\" rel=\"noreferrer noopener\">https:\/\/forms.gle\/JeWE4cvKMgfGqsja9<\/a><\/strong><\/p>\n","protected":false},"excerpt":{"rendered":"<p>Szombaton, janu\u00e1r 17-\u00e9n lesz \u00d6kumenikus Ifj\u00fas\u00e1gi Tal\u00e1lkoz\u00f3 17 \u00f3r\u00e1t\u00f3l a Reform\u00e1tus Koll\u00e9gium d\u00edszterm\u00e9ben, amelyre szeretettel h\u00edvj\u00e1k fiataljainkat. A r\u00e9sztvev\u0151k az al\u00e1bbi linken tudnak regisztr\u00e1lni az&#8230;<\/p>\n","protected":false},"author":2,"featured_media":0,"comment_status":"closed","ping_status":"open","sticky":false,"template":"","format":"standard","meta":[],"categories":[1,9,2],"tags":[],"_links":{"self":[{"href":"https:\/\/szentistvan.dnyem.hu\/index.php?rest_route=\/wp\/v2\/posts\/6675"}],"collection":[{"href":"https:\/\/szentistvan.dnyem.hu\/index.php?rest_route=\/wp\/v2\/posts"}],"about":[{"href":"https:\/\/szentistvan.dnyem.hu\/index.php?rest_route=\/wp\/v2\/types\/post"}],"author":[{"embeddable":true,"href":"https:\/\/szentistvan.dnyem.hu\/index.php?rest_route=\/wp\/v2\/users\/2"}],"replies":[{"embeddable":true,"href":"https:\/\/szentistvan.dnyem.hu\/index.php?rest_route=%2Fwp%2Fv2%2Fcomments&post=6675"}],"version-history":[{"count":1,"href":"https:\/\/szentistvan.dnyem.hu\/index.php?rest_route=\/wp\/v2\/posts\/6675\/revisions"}],"predecessor-version":[{"id":6676,"href":"https:\/\/szentistvan.dnyem.hu\/index.php?rest_route=\/wp\/v2\/posts\/6675\/revisions\/6676"}],"wp:attachment":[{"href":"https:\/\/szentistvan.dnyem.hu\/index.php?rest_route=%2Fwp%2Fv2%2Fmedia&parent=6675"}],"wp:term":[{"taxonomy":"category","embeddable":true,"href":"https:\/\/szentistvan.dnyem.hu\/index.php?rest_route=%2Fwp%2Fv2%2Fcategories&post=6675"},{"taxonomy":"post_tag","embeddable":true,"href":"https:\/\/szentistvan.dnyem.hu\/index.php?rest_route=%2Fwp%2Fv2%2Ftags&post=6675"}],"curies":[{"name":"wp","href":"https:\/\/api.w.org\/{rel}","templated":true}]}}