{"id":6671,"date":"2026-01-10T23:47:56","date_gmt":"2026-01-10T21:47:56","guid":{"rendered":"https:\/\/szentistvan.dnyem.hu\/?p=6671"},"modified":"2026-01-10T23:47:56","modified_gmt":"2026-01-10T21:47:56","slug":"az-evkozi-ido-elso-resze","status":"publish","type":"post","link":"https:\/\/szentistvan.dnyem.hu\/?p=6671","title":{"rendered":"Az \u00e9vk\u00f6zi id\u0151 els\u0151 r\u00e9sze"},"content":{"rendered":"\n<p>J\u00e9zus megkeresztelked\u00e9s\u00e9nek \u00fcnnep\u00e9vel (febru\u00e1r 11-\u00e9n) befejez\u0151dik a kar\u00e1csonyi \u00fcnnepk\u00f6r, \u00e9s ebru\u00e1r 12-\u00e9n (h\u00e9tf\u0151n) megkezd\u0151dik az \u00e9vk\u00f6zi id\u0151 hamvaz\u00f3szerd\u00e1ig, febru\u00e1r 18-ig tart\u00f3 r\u00e9sze.<\/p>\n","protected":false},"excerpt":{"rendered":"<p>J\u00e9zus megkeresztelked\u00e9s\u00e9nek \u00fcnnep\u00e9vel (febru\u00e1r 11-\u00e9n) befejez\u0151dik a kar\u00e1csonyi \u00fcnnepk\u00f6r, \u00e9s ebru\u00e1r 12-\u00e9n (h\u00e9tf\u0151n) megkezd\u0151dik az \u00e9vk\u00f6zi id\u0151 hamvaz\u00f3szerd\u00e1ig, febru\u00e1r 18-ig tart\u00f3 r\u00e9sze.<\/p>\n","protected":false},"author":2,"featured_media":0,"comment_status":"closed","ping_status":"open","sticky":false,"template":"","format":"standard","meta":[],"categories":[1,9,2],"tags":[],"_links":{"self":[{"href":"https:\/\/szentistvan.dnyem.hu\/index.php?rest_route=\/wp\/v2\/posts\/6671"}],"collection":[{"href":"https:\/\/szentistvan.dnyem.hu\/index.php?rest_route=\/wp\/v2\/posts"}],"about":[{"href":"https:\/\/szentistvan.dnyem.hu\/index.php?rest_route=\/wp\/v2\/types\/post"}],"author":[{"embeddable":true,"href":"https:\/\/szentistvan.dnyem.hu\/index.php?rest_route=\/wp\/v2\/users\/2"}],"replies":[{"embeddable":true,"href":"https:\/\/szentistvan.dnyem.hu\/index.php?rest_route=%2Fwp%2Fv2%2Fcomments&post=6671"}],"version-history":[{"count":1,"href":"https:\/\/szentistvan.dnyem.hu\/index.php?rest_route=\/wp\/v2\/posts\/6671\/revisions"}],"predecessor-version":[{"id":6672,"href":"https:\/\/szentistvan.dnyem.hu\/index.php?rest_route=\/wp\/v2\/posts\/6671\/revisions\/6672"}],"wp:attachment":[{"href":"https:\/\/szentistvan.dnyem.hu\/index.php?rest_route=%2Fwp%2Fv2%2Fmedia&parent=6671"}],"wp:term":[{"taxonomy":"category","embeddable":true,"href":"https:\/\/szentistvan.dnyem.hu\/index.php?rest_route=%2Fwp%2Fv2%2Fcategories&post=6671"},{"taxonomy":"post_tag","embeddable":true,"href":"https:\/\/szentistvan.dnyem.hu\/index.php?rest_route=%2Fwp%2Fv2%2Ftags&post=6671"}],"curies":[{"name":"wp","href":"https:\/\/api.w.org\/{rel}","templated":true}]}}