{"id":6663,"date":"2026-01-04T00:52:45","date_gmt":"2026-01-03T22:52:45","guid":{"rendered":"https:\/\/szentistvan.dnyem.hu\/?p=6663"},"modified":"2026-01-04T00:54:00","modified_gmt":"2026-01-03T22:54:00","slug":"templomi-hazassagkotes","status":"publish","type":"post","link":"https:\/\/szentistvan.dnyem.hu\/?p=6663","title":{"rendered":"Templomi h\u00e1zass\u00e1gk\u00f6t\u00e9s"},"content":{"rendered":"\n<p><strong>K\u00e9rem azokat a jegyben j\u00e1r\u00f3 fiatalokat, akik ebben az \u00e9vben akarnak templomunkban vagy sz\u00e9kesegyh\u00e1zunkban <a href=\"https:\/\/lexikon.katolikus.hu\/H\/h%C3%A1zass%C3%A1g.html\" target=\"_blank\" rel=\"noreferrer noopener\">h\u00e1zass\u00e1got<\/a> k\u00f6tni, hogy miel\u0151bb jelentkezzenek n\u00e1lam h\u00e1zass\u00e1gk\u00f6t\u00e9sre f\u00fcggetlen\u00fcl att\u00f3l, hogy polg\u00e1ri h\u00e1zass\u00e1gk\u00f6t\u00e9s\u00fck id\u0151pontja bejegyzett-e, vagy sem.<br>K\u00e9rem azok seg\u00edts\u00e9g\u00e9t, akik tudnak rokons\u00e1gukban \u00e9s ismer\u0151seik k\u00f6r\u00e9ben h\u00e1zass\u00e1gra k\u00e9sz\u00fcl\u0151 fiatalokr\u00f3l, hogy ezt az inform\u00e1ci\u00f3t hozz\u00e1k tudom\u00e1sukra.<\/strong><\/p>\n","protected":false},"excerpt":{"rendered":"<p>K\u00e9rem azokat a jegyben j\u00e1r\u00f3 fiatalokat, akik ebben az \u00e9vben akarnak templomunkban vagy sz\u00e9kesegyh\u00e1zunkban h\u00e1zass\u00e1got k\u00f6tni, hogy miel\u0151bb jelentkezzenek n\u00e1lam h\u00e1zass\u00e1gk\u00f6t\u00e9sre f\u00fcggetlen\u00fcl att\u00f3l, hogy polg\u00e1ri&#8230;<\/p>\n","protected":false},"author":2,"featured_media":0,"comment_status":"closed","ping_status":"open","sticky":false,"template":"","format":"standard","meta":[],"categories":[1,9,2],"tags":[],"_links":{"self":[{"href":"https:\/\/szentistvan.dnyem.hu\/index.php?rest_route=\/wp\/v2\/posts\/6663"}],"collection":[{"href":"https:\/\/szentistvan.dnyem.hu\/index.php?rest_route=\/wp\/v2\/posts"}],"about":[{"href":"https:\/\/szentistvan.dnyem.hu\/index.php?rest_route=\/wp\/v2\/types\/post"}],"author":[{"embeddable":true,"href":"https:\/\/szentistvan.dnyem.hu\/index.php?rest_route=\/wp\/v2\/users\/2"}],"replies":[{"embeddable":true,"href":"https:\/\/szentistvan.dnyem.hu\/index.php?rest_route=%2Fwp%2Fv2%2Fcomments&post=6663"}],"version-history":[{"count":2,"href":"https:\/\/szentistvan.dnyem.hu\/index.php?rest_route=\/wp\/v2\/posts\/6663\/revisions"}],"predecessor-version":[{"id":6665,"href":"https:\/\/szentistvan.dnyem.hu\/index.php?rest_route=\/wp\/v2\/posts\/6663\/revisions\/6665"}],"wp:attachment":[{"href":"https:\/\/szentistvan.dnyem.hu\/index.php?rest_route=%2Fwp%2Fv2%2Fmedia&parent=6663"}],"wp:term":[{"taxonomy":"category","embeddable":true,"href":"https:\/\/szentistvan.dnyem.hu\/index.php?rest_route=%2Fwp%2Fv2%2Fcategories&post=6663"},{"taxonomy":"post_tag","embeddable":true,"href":"https:\/\/szentistvan.dnyem.hu\/index.php?rest_route=%2Fwp%2Fv2%2Ftags&post=6663"}],"curies":[{"name":"wp","href":"https:\/\/api.w.org\/{rel}","templated":true}]}}