{"id":6661,"date":"2026-01-04T00:51:05","date_gmt":"2026-01-03T22:51:05","guid":{"rendered":"https:\/\/szentistvan.dnyem.hu\/?p=6661"},"modified":"2026-01-04T00:51:05","modified_gmt":"2026-01-03T22:51:05","slug":"urunk-megkeresztelkedese-2","status":"publish","type":"post","link":"https:\/\/szentistvan.dnyem.hu\/?p=6661","title":{"rendered":"Urunk megkeresztelked\u00e9se"},"content":{"rendered":"\n<p><strong>Janu\u00e1r 11-\u00e9n (vas\u00e1rnap) <a href=\"https:\/\/www.magyarkurir.hu\/hirek\/urunk-megkeresztelkedesenek-uennepe\" target=\"_blank\" rel=\"noreferrer noopener\">URUNK MEGKERESZTELKED\u00c9S\u00c9T<\/a> \u00fcnnepelj\u00fck. Ezut\u00e1n elkezd\u0151dik az <a href=\"https:\/\/lexikon.katolikus.hu\/E\/%C3%A9vk%C3%B6zi%20id%C5%91.html\" target=\"_blank\" rel=\"noreferrer noopener\">\u00e9vk\u00f6zi id\u0151<\/a> <a href=\"https:\/\/lexikon.katolikus.hu\/H\/h%C3%BAsv%C3%A9t.html\" target=\"_blank\" rel=\"noreferrer noopener\">h\u00fasv\u00e9t<\/a> el\u0151tti r\u00e9sze.<\/strong><\/p>\n","protected":false},"excerpt":{"rendered":"<p>Janu\u00e1r 11-\u00e9n (vas\u00e1rnap) URUNK MEGKERESZTELKED\u00c9S\u00c9T \u00fcnnepelj\u00fck. Ezut\u00e1n elkezd\u0151dik az \u00e9vk\u00f6zi id\u0151 h\u00fasv\u00e9t el\u0151tti r\u00e9sze.<\/p>\n","protected":false},"author":2,"featured_media":0,"comment_status":"closed","ping_status":"open","sticky":false,"template":"","format":"standard","meta":[],"categories":[1,9,2],"tags":[],"_links":{"self":[{"href":"https:\/\/szentistvan.dnyem.hu\/index.php?rest_route=\/wp\/v2\/posts\/6661"}],"collection":[{"href":"https:\/\/szentistvan.dnyem.hu\/index.php?rest_route=\/wp\/v2\/posts"}],"about":[{"href":"https:\/\/szentistvan.dnyem.hu\/index.php?rest_route=\/wp\/v2\/types\/post"}],"author":[{"embeddable":true,"href":"https:\/\/szentistvan.dnyem.hu\/index.php?rest_route=\/wp\/v2\/users\/2"}],"replies":[{"embeddable":true,"href":"https:\/\/szentistvan.dnyem.hu\/index.php?rest_route=%2Fwp%2Fv2%2Fcomments&post=6661"}],"version-history":[{"count":1,"href":"https:\/\/szentistvan.dnyem.hu\/index.php?rest_route=\/wp\/v2\/posts\/6661\/revisions"}],"predecessor-version":[{"id":6662,"href":"https:\/\/szentistvan.dnyem.hu\/index.php?rest_route=\/wp\/v2\/posts\/6661\/revisions\/6662"}],"wp:attachment":[{"href":"https:\/\/szentistvan.dnyem.hu\/index.php?rest_route=%2Fwp%2Fv2%2Fmedia&parent=6661"}],"wp:term":[{"taxonomy":"category","embeddable":true,"href":"https:\/\/szentistvan.dnyem.hu\/index.php?rest_route=%2Fwp%2Fv2%2Fcategories&post=6661"},{"taxonomy":"post_tag","embeddable":true,"href":"https:\/\/szentistvan.dnyem.hu\/index.php?rest_route=%2Fwp%2Fv2%2Ftags&post=6661"}],"curies":[{"name":"wp","href":"https:\/\/api.w.org\/{rel}","templated":true}]}}