{"id":6657,"date":"2026-01-04T00:45:11","date_gmt":"2026-01-03T22:45:11","guid":{"rendered":"https:\/\/szentistvan.dnyem.hu\/?p=6657"},"modified":"2026-01-04T00:45:11","modified_gmt":"2026-01-03T22:45:11","slug":"a-27-rendes-szentev-bezarasa-egyhazmegyenkben","status":"publish","type":"post","link":"https:\/\/szentistvan.dnyem.hu\/?p=6657","title":{"rendered":"A 27. rendes szent\u00e9v bez\u00e1r\u00e1sa egyh\u00e1zmegy\u00e9nkben"},"content":{"rendered":"\n<p><strong>Kedden (janu\u00e1r 6-\u00e1n), V\u00edzkereszt f\u0151\u00fcnnep\u00e9n fogja bez\u00e1rni p\u00fcsp\u00f6k atya egyh\u00e1zmegy\u00e9nkben a 27. rendes szent\u00e9vet a 10 \u00f3r\u00e1t\u00f3l kezd\u0151d\u0151 szentmis\u00e9ben.<\/strong><br>Erre szeretettel h\u00edvja a kedves h\u00edveket, hogy k\u00f6z\u00f6sen adjunk h\u00e1l\u00e1t az\u00e9rt, hogy hozz\u00e1j\u00e1rulhattunk \u00e9s tov\u00e1bbra is akarunk hozz\u00e1j\u00e1rulni ahhoz, hogy \u201ejusson el a kereszt\u00e9ny rem\u00e9ny f\u00e9nye minden emberhez mint Isten szeretet\u00e9nek mindenkihez sz\u00f3l\u00f3 \u00fczenete. \u00c9s legyen az Egyh\u00e1z h\u0171s\u00e9ges tan\u00faja ennek az \u00fczenetnek a vil\u00e1g minden t\u00e1j\u00e1n!\u201d (<a href=\"https:\/\/katolikus.hu\/dokumentumtar\/spes-non-confundit---bulla\" target=\"_blank\" rel=\"noreferrer noopener\">Spes non confundit<\/a>, 6).<\/p>\n","protected":false},"excerpt":{"rendered":"<p>Kedden (janu\u00e1r 6-\u00e1n), V\u00edzkereszt f\u0151\u00fcnnep\u00e9n fogja bez\u00e1rni p\u00fcsp\u00f6k atya egyh\u00e1zmegy\u00e9nkben a 27. rendes szent\u00e9vet a 10 \u00f3r\u00e1t\u00f3l kezd\u0151d\u0151 szentmis\u00e9ben.Erre szeretettel h\u00edvja a kedves h\u00edveket, hogy&#8230;<\/p>\n","protected":false},"author":2,"featured_media":0,"comment_status":"closed","ping_status":"open","sticky":false,"template":"","format":"standard","meta":[],"categories":[1,9,2],"tags":[],"_links":{"self":[{"href":"https:\/\/szentistvan.dnyem.hu\/index.php?rest_route=\/wp\/v2\/posts\/6657"}],"collection":[{"href":"https:\/\/szentistvan.dnyem.hu\/index.php?rest_route=\/wp\/v2\/posts"}],"about":[{"href":"https:\/\/szentistvan.dnyem.hu\/index.php?rest_route=\/wp\/v2\/types\/post"}],"author":[{"embeddable":true,"href":"https:\/\/szentistvan.dnyem.hu\/index.php?rest_route=\/wp\/v2\/users\/2"}],"replies":[{"embeddable":true,"href":"https:\/\/szentistvan.dnyem.hu\/index.php?rest_route=%2Fwp%2Fv2%2Fcomments&post=6657"}],"version-history":[{"count":1,"href":"https:\/\/szentistvan.dnyem.hu\/index.php?rest_route=\/wp\/v2\/posts\/6657\/revisions"}],"predecessor-version":[{"id":6658,"href":"https:\/\/szentistvan.dnyem.hu\/index.php?rest_route=\/wp\/v2\/posts\/6657\/revisions\/6658"}],"wp:attachment":[{"href":"https:\/\/szentistvan.dnyem.hu\/index.php?rest_route=%2Fwp%2Fv2%2Fmedia&parent=6657"}],"wp:term":[{"taxonomy":"category","embeddable":true,"href":"https:\/\/szentistvan.dnyem.hu\/index.php?rest_route=%2Fwp%2Fv2%2Fcategories&post=6657"},{"taxonomy":"post_tag","embeddable":true,"href":"https:\/\/szentistvan.dnyem.hu\/index.php?rest_route=%2Fwp%2Fv2%2Ftags&post=6657"}],"curies":[{"name":"wp","href":"https:\/\/api.w.org\/{rel}","templated":true}]}}