{"id":6649,"date":"2025-12-27T15:49:49","date_gmt":"2025-12-27T13:49:49","guid":{"rendered":"https:\/\/szentistvan.dnyem.hu\/?p=6649"},"modified":"2025-12-27T15:49:49","modified_gmt":"2025-12-27T13:49:49","slug":"koszonet-jo-kivansagok","status":"publish","type":"post","link":"https:\/\/szentistvan.dnyem.hu\/?p=6649","title":{"rendered":"K\u00f6sz\u00f6net, j\u00f3 k\u00edv\u00e1ns\u00e1gok"},"content":{"rendered":"\n<p>H\u00e1l\u00e1san k\u00f6sz\u00f6n\u00f6m minden Kedves Testv\u00e9r\u00fcnk 2025. \u00e9vi im\u00e1j\u00e1t, katolikus tan\u00fas\u00e1gt\u00e9tel\u00fck m\u00faltra alapozott \u00e9s j\u00f6v\u0151be mutat vonz\u00f3 p\u00e9ldaad\u00e1s\u00e1t, \u00f6nk\u00e9ntes munk\u00e1j\u00e1t hit\u00e9leti programjainak szervez\u00e9s\u00e9ben \u00e9s lebonyol\u00edt\u00e1s\u00e1ban, valamint \u00e1ldozatos anyagi t\u00e1mogat\u00e1s\u00e1t.<br>Megk\u00f6sz\u00f6n\u00f6m<br>\u2014 Andr\u00e1s atya, a helyettes\u00edt\u0151 aty\u00e1k,<br>\u2014 a k\u00e1ntor \u00far, a szk\u00f3la \u00e9s a ministr\u00e1nsok odaad\u00f3 helyt\u00e1ll\u00e1s\u00e1t; a sekresty\u00e9s \u00far \u00e1ldozatos munk\u00e1j\u00e1t<br>\u2014 \u00e9s a k\u00e9pvisel\u0151test\u00fclet tervez\u0151 \u00e9s probl\u00e9mamegold\u00e1st keres\u0151 seg\u00edts\u00e9gny\u00fajt\u00e1s\u00e1t.<\/p>\n\n\n\n<p>A Szentl\u00e9lekt\u0151l kapott karizm\u00e1inkkal az \u00faj esztend\u0151ben is elk\u00f6telezetten \u00e9s n\u00f6vekv\u0151 lelkesed\u00e9ssel akarjuk el\u0151mozd\u00edtani \u2014 gondolattal, sz\u00f3val \u00e9s cselekedettel \u2014 egyh\u00e1zk\u00f6zs\u00e9g\u00fcnk gyarapod\u00e1s\u00e1t minden j\u00f3ban.<br>Mindenkire sz\u00fcks\u00e9g van. Min\u00e9l elk\u00f6telezettebben alkotunk egyh\u00e1zat egym\u00e1ssal, ann\u00e1l ink\u00e1bb vesz\u00edt erej\u00e9b\u0151l a gonosz, amely lelkesed\u00e9slohaszt\u00f3 \u00e9s rezign\u00e1ci\u00f3terjeszt\u0151 \u00fcgyesked\u00e9seivel akarja b\u00e9n\u00edtani \u00e9let\u00fcnket. Ez\u00e9rt ne legy\u00fcnk csak szeml\u00e9l\u0151i egyh\u00e1zunk \u00e9let\u00e9nek, hanem k\u00fcldet\u00e9s\u00e9nek teljes\u00edt\u00e9s\u00e9b\u0151l r\u00e9szt v\u00e1llal\u00f3, \u00f6ntudatos \u00e9s cselekv\u0151 harcosai. Hozz\u00e1\u00e1ll\u00e1sunkat egyh\u00e1zunk \u00e9let\u00e9hez hat\u00e1rozza meg Szt. P\u00e1l apostol k\u00e9r\u00e9se: \u201eLegyetek teh\u00e1t \u00e1llhatatosak \u00e9s kitart\u00f3k, szeretett testv\u00e9reim! Tegyetek mindig min\u00e9l t\u00f6bbet az \u00dar \u00fcgy\u00e9\u00e9rt, hiszen tudj\u00e1tok, hogy az \u00dar \u00fcgy\u00e9ben val\u00f3 f\u00e1radoz\u00e1stok nem hi\u00e1baval\u00f3\u201d (1Kor 15,58).<\/p>\n\n\n\n<p>Egyh\u00e1zk\u00f6zs\u00e9g\u00fcnk minden kedves h\u00edv\u00e9nek \u00e9s csal\u00e1dj\u00e1nak, valamint e hirdet\u00e9s olvas\u00f3inak adjon a Betlehemben sz\u00fcletett Kisded J\u00e9zus rem\u00e9nyteljes, boldog \u00daj \u00c9vet sok-sok \u00e1ld\u00e1ssal.<\/p>\n","protected":false},"excerpt":{"rendered":"<p>H\u00e1l\u00e1san k\u00f6sz\u00f6n\u00f6m minden Kedves Testv\u00e9r\u00fcnk 2025. \u00e9vi im\u00e1j\u00e1t, katolikus tan\u00fas\u00e1gt\u00e9tel\u00fck m\u00faltra alapozott \u00e9s j\u00f6v\u0151be mutat vonz\u00f3 p\u00e9ldaad\u00e1s\u00e1t, \u00f6nk\u00e9ntes munk\u00e1j\u00e1t hit\u00e9leti programjainak szervez\u00e9s\u00e9ben \u00e9s lebonyol\u00edt\u00e1s\u00e1ban, valamint&#8230;<\/p>\n","protected":false},"author":2,"featured_media":0,"comment_status":"closed","ping_status":"open","sticky":false,"template":"","format":"standard","meta":[],"categories":[5,1,9],"tags":[],"_links":{"self":[{"href":"https:\/\/szentistvan.dnyem.hu\/index.php?rest_route=\/wp\/v2\/posts\/6649"}],"collection":[{"href":"https:\/\/szentistvan.dnyem.hu\/index.php?rest_route=\/wp\/v2\/posts"}],"about":[{"href":"https:\/\/szentistvan.dnyem.hu\/index.php?rest_route=\/wp\/v2\/types\/post"}],"author":[{"embeddable":true,"href":"https:\/\/szentistvan.dnyem.hu\/index.php?rest_route=\/wp\/v2\/users\/2"}],"replies":[{"embeddable":true,"href":"https:\/\/szentistvan.dnyem.hu\/index.php?rest_route=%2Fwp%2Fv2%2Fcomments&post=6649"}],"version-history":[{"count":1,"href":"https:\/\/szentistvan.dnyem.hu\/index.php?rest_route=\/wp\/v2\/posts\/6649\/revisions"}],"predecessor-version":[{"id":6650,"href":"https:\/\/szentistvan.dnyem.hu\/index.php?rest_route=\/wp\/v2\/posts\/6649\/revisions\/6650"}],"wp:attachment":[{"href":"https:\/\/szentistvan.dnyem.hu\/index.php?rest_route=%2Fwp%2Fv2%2Fmedia&parent=6649"}],"wp:term":[{"taxonomy":"category","embeddable":true,"href":"https:\/\/szentistvan.dnyem.hu\/index.php?rest_route=%2Fwp%2Fv2%2Fcategories&post=6649"},{"taxonomy":"post_tag","embeddable":true,"href":"https:\/\/szentistvan.dnyem.hu\/index.php?rest_route=%2Fwp%2Fv2%2Ftags&post=6649"}],"curies":[{"name":"wp","href":"https:\/\/api.w.org\/{rel}","templated":true}]}}