{"id":6647,"date":"2025-12-27T15:47:59","date_gmt":"2025-12-27T13:47:59","guid":{"rendered":"https:\/\/szentistvan.dnyem.hu\/?p=6647"},"modified":"2025-12-27T15:47:59","modified_gmt":"2025-12-27T13:47:59","slug":"teljes-bucsu-az-ev-vegi-halaadason","status":"publish","type":"post","link":"https:\/\/szentistvan.dnyem.hu\/?p=6647","title":{"rendered":"Teljes b\u00facs\u00fa az \u00e9v v\u00e9gi h\u00e1laad\u00e1son"},"content":{"rendered":"\n<p><strong>Szerd\u00e1n (december 31-\u00e9n) teljes b\u00facs\u00fat nyerhet az a h\u00edv\u0151, aki megfelel\u0151 lelk\u00fclettel r\u00e9szt vesz a Te Deum \u00fcnnep\u00e9lyes \u00e9nekl\u00e9s\u00e9n vagy elim\u00e1dkoz\u00e1s\u00e1n, h\u00e1laad\u00e1sul az \u00f3esztend\u0151ben kapott j\u00f3t\u00e9tem\u00e9nyek\u00e9rt.<\/strong><\/p>\n","protected":false},"excerpt":{"rendered":"<p>Szerd\u00e1n (december 31-\u00e9n) teljes b\u00facs\u00fat nyerhet az a h\u00edv\u0151, aki megfelel\u0151 lelk\u00fclettel r\u00e9szt vesz a Te Deum \u00fcnnep\u00e9lyes \u00e9nekl\u00e9s\u00e9n vagy elim\u00e1dkoz\u00e1s\u00e1n, h\u00e1laad\u00e1sul az \u00f3esztend\u0151ben kapott&#8230;<\/p>\n","protected":false},"author":2,"featured_media":0,"comment_status":"closed","ping_status":"open","sticky":false,"template":"","format":"standard","meta":[],"categories":[1,9,2],"tags":[],"_links":{"self":[{"href":"https:\/\/szentistvan.dnyem.hu\/index.php?rest_route=\/wp\/v2\/posts\/6647"}],"collection":[{"href":"https:\/\/szentistvan.dnyem.hu\/index.php?rest_route=\/wp\/v2\/posts"}],"about":[{"href":"https:\/\/szentistvan.dnyem.hu\/index.php?rest_route=\/wp\/v2\/types\/post"}],"author":[{"embeddable":true,"href":"https:\/\/szentistvan.dnyem.hu\/index.php?rest_route=\/wp\/v2\/users\/2"}],"replies":[{"embeddable":true,"href":"https:\/\/szentistvan.dnyem.hu\/index.php?rest_route=%2Fwp%2Fv2%2Fcomments&post=6647"}],"version-history":[{"count":1,"href":"https:\/\/szentistvan.dnyem.hu\/index.php?rest_route=\/wp\/v2\/posts\/6647\/revisions"}],"predecessor-version":[{"id":6648,"href":"https:\/\/szentistvan.dnyem.hu\/index.php?rest_route=\/wp\/v2\/posts\/6647\/revisions\/6648"}],"wp:attachment":[{"href":"https:\/\/szentistvan.dnyem.hu\/index.php?rest_route=%2Fwp%2Fv2%2Fmedia&parent=6647"}],"wp:term":[{"taxonomy":"category","embeddable":true,"href":"https:\/\/szentistvan.dnyem.hu\/index.php?rest_route=%2Fwp%2Fv2%2Fcategories&post=6647"},{"taxonomy":"post_tag","embeddable":true,"href":"https:\/\/szentistvan.dnyem.hu\/index.php?rest_route=%2Fwp%2Fv2%2Ftags&post=6647"}],"curies":[{"name":"wp","href":"https:\/\/api.w.org\/{rel}","templated":true}]}}