{"id":6642,"date":"2025-12-22T14:23:14","date_gmt":"2025-12-22T12:23:14","guid":{"rendered":"https:\/\/szentistvan.dnyem.hu\/?p=6642"},"modified":"2025-12-22T14:23:14","modified_gmt":"2025-12-22T12:23:14","slug":"ma-szuletett-nektek-az-udvozito-az-ur-krisztus","status":"publish","type":"post","link":"https:\/\/szentistvan.dnyem.hu\/?p=6642","title":{"rendered":"MA SZ\u00dcLETETT NEKTEK AZ \u00dcDV\u00d6Z\u00cdT\u0150, AZ \u00daR KRISZTUS"},"content":{"rendered":"\n<p><strong>Megannyi sz\u00edvtelens\u00e9gt\u0151l, embertelens\u00e9gt\u0151l \u00e9s h\u00e1bor\u00fat\u00f3l megterhelt korunkban vigasztal\u00f3 \u00e9s rem\u00e9nykelt\u0151 hat\u00e1sa van annak az egykoron betlehemi \u00e9jszak\u00e1n elhangzott \u00f6r\u00f6mh\u00edrnek, hogy \u201eMA SZ\u00dcLETETT NEKTEK AZ \u00dcDV\u00d6Z\u00cdT\u0150, AZ \u00daR KRISZTUS.\u201d<br>Minden hozz\u00e1nk tartoz\u00f3 \u00e9s ide bet\u00e9r\u0151 Kedves Testv\u00e9r\u00fcnket a Kisded J\u00e9zus \u00f6rvendeztesse meg sz\u00fclet\u00e9s\u00e9nek szent \u00fcnnep\u00e9vel!<\/strong><\/p>\n","protected":false},"excerpt":{"rendered":"<p>Megannyi sz\u00edvtelens\u00e9gt\u0151l, embertelens\u00e9gt\u0151l \u00e9s h\u00e1bor\u00fat\u00f3l megterhelt korunkban vigasztal\u00f3 \u00e9s rem\u00e9nykelt\u0151 hat\u00e1sa van annak az egykoron betlehemi \u00e9jszak\u00e1n elhangzott \u00f6r\u00f6mh\u00edrnek, hogy \u201eMA SZ\u00dcLETETT NEKTEK AZ \u00dcDV\u00d6Z\u00cdT\u0150,&#8230;<\/p>\n","protected":false},"author":2,"featured_media":0,"comment_status":"closed","ping_status":"open","sticky":false,"template":"","format":"standard","meta":[],"categories":[1,9],"tags":[],"_links":{"self":[{"href":"https:\/\/szentistvan.dnyem.hu\/index.php?rest_route=\/wp\/v2\/posts\/6642"}],"collection":[{"href":"https:\/\/szentistvan.dnyem.hu\/index.php?rest_route=\/wp\/v2\/posts"}],"about":[{"href":"https:\/\/szentistvan.dnyem.hu\/index.php?rest_route=\/wp\/v2\/types\/post"}],"author":[{"embeddable":true,"href":"https:\/\/szentistvan.dnyem.hu\/index.php?rest_route=\/wp\/v2\/users\/2"}],"replies":[{"embeddable":true,"href":"https:\/\/szentistvan.dnyem.hu\/index.php?rest_route=%2Fwp%2Fv2%2Fcomments&post=6642"}],"version-history":[{"count":1,"href":"https:\/\/szentistvan.dnyem.hu\/index.php?rest_route=\/wp\/v2\/posts\/6642\/revisions"}],"predecessor-version":[{"id":6643,"href":"https:\/\/szentistvan.dnyem.hu\/index.php?rest_route=\/wp\/v2\/posts\/6642\/revisions\/6643"}],"wp:attachment":[{"href":"https:\/\/szentistvan.dnyem.hu\/index.php?rest_route=%2Fwp%2Fv2%2Fmedia&parent=6642"}],"wp:term":[{"taxonomy":"category","embeddable":true,"href":"https:\/\/szentistvan.dnyem.hu\/index.php?rest_route=%2Fwp%2Fv2%2Fcategories&post=6642"},{"taxonomy":"post_tag","embeddable":true,"href":"https:\/\/szentistvan.dnyem.hu\/index.php?rest_route=%2Fwp%2Fv2%2Ftags&post=6642"}],"curies":[{"name":"wp","href":"https:\/\/api.w.org\/{rel}","templated":true}]}}