{"id":6640,"date":"2025-12-22T14:21:31","date_gmt":"2025-12-22T12:21:31","guid":{"rendered":"https:\/\/szentistvan.dnyem.hu\/?p=6640"},"modified":"2025-12-22T14:21:31","modified_gmt":"2025-12-22T12:21:31","slug":"csaladok-megaldasa-3","status":"publish","type":"post","link":"https:\/\/szentistvan.dnyem.hu\/?p=6640","title":{"rendered":"Csal\u00e1dok meg\u00e1ld\u00e1sa"},"content":{"rendered":"\n<p><strong>A Szent Csal\u00e1d \u2013 J\u00e9zus, M\u00e1ria \u00e9s J\u00f3zsef \u2013 \u00fcnnep\u00e9n (dec. 28-\u00e1n)<\/strong> a csal\u00e1dok meg\u00e1ld\u00e1sa lesz a szentmise ut\u00e1n<\/p>\n","protected":false},"excerpt":{"rendered":"<p>A Szent Csal\u00e1d \u2013 J\u00e9zus, M\u00e1ria \u00e9s J\u00f3zsef \u2013 \u00fcnnep\u00e9n (dec. 28-\u00e1n) a csal\u00e1dok meg\u00e1ld\u00e1sa lesz a szentmise ut\u00e1n<\/p>\n","protected":false},"author":2,"featured_media":0,"comment_status":"closed","ping_status":"open","sticky":false,"template":"","format":"standard","meta":[],"categories":[9,2],"tags":[],"_links":{"self":[{"href":"https:\/\/szentistvan.dnyem.hu\/index.php?rest_route=\/wp\/v2\/posts\/6640"}],"collection":[{"href":"https:\/\/szentistvan.dnyem.hu\/index.php?rest_route=\/wp\/v2\/posts"}],"about":[{"href":"https:\/\/szentistvan.dnyem.hu\/index.php?rest_route=\/wp\/v2\/types\/post"}],"author":[{"embeddable":true,"href":"https:\/\/szentistvan.dnyem.hu\/index.php?rest_route=\/wp\/v2\/users\/2"}],"replies":[{"embeddable":true,"href":"https:\/\/szentistvan.dnyem.hu\/index.php?rest_route=%2Fwp%2Fv2%2Fcomments&post=6640"}],"version-history":[{"count":1,"href":"https:\/\/szentistvan.dnyem.hu\/index.php?rest_route=\/wp\/v2\/posts\/6640\/revisions"}],"predecessor-version":[{"id":6641,"href":"https:\/\/szentistvan.dnyem.hu\/index.php?rest_route=\/wp\/v2\/posts\/6640\/revisions\/6641"}],"wp:attachment":[{"href":"https:\/\/szentistvan.dnyem.hu\/index.php?rest_route=%2Fwp%2Fv2%2Fmedia&parent=6640"}],"wp:term":[{"taxonomy":"category","embeddable":true,"href":"https:\/\/szentistvan.dnyem.hu\/index.php?rest_route=%2Fwp%2Fv2%2Fcategories&post=6640"},{"taxonomy":"post_tag","embeddable":true,"href":"https:\/\/szentistvan.dnyem.hu\/index.php?rest_route=%2Fwp%2Fv2%2Ftags&post=6640"}],"curies":[{"name":"wp","href":"https:\/\/api.w.org\/{rel}","templated":true}]}}