{"id":6638,"date":"2025-12-22T14:20:00","date_gmt":"2025-12-22T12:20:00","guid":{"rendered":"https:\/\/szentistvan.dnyem.hu\/?p=6638"},"modified":"2025-12-22T14:20:00","modified_gmt":"2025-12-22T12:20:00","slug":"karacsonyi-perselygyujtes-2","status":"publish","type":"post","link":"https:\/\/szentistvan.dnyem.hu\/?p=6638","title":{"rendered":"Kar\u00e1csonyi perselygy\u0171jt\u00e9s"},"content":{"rendered":"\n<p>Kar\u00e1csony eg\u00e9sz napi perselygy\u0171jt\u00e9s\u00e9t a papnevel\u00e9sre tov\u00e1bb\u00edtjuk. \u00c9rezz\u00fck \u00e1t a korszer\u0171 papnevel\u00e9s fontoss\u00e1g\u00e1t! Ennek ismeret\u00e9ben helyezz\u00e9k adom\u00e1nyaikat a perselybe.<\/p>\n","protected":false},"excerpt":{"rendered":"<p>Kar\u00e1csony eg\u00e9sz napi perselygy\u0171jt\u00e9s\u00e9t a papnevel\u00e9sre tov\u00e1bb\u00edtjuk. \u00c9rezz\u00fck \u00e1t a korszer\u0171 papnevel\u00e9s fontoss\u00e1g\u00e1t! Ennek ismeret\u00e9ben helyezz\u00e9k adom\u00e1nyaikat a perselybe.<\/p>\n","protected":false},"author":2,"featured_media":0,"comment_status":"closed","ping_status":"open","sticky":false,"template":"","format":"standard","meta":[],"categories":[1,2],"tags":[],"_links":{"self":[{"href":"https:\/\/szentistvan.dnyem.hu\/index.php?rest_route=\/wp\/v2\/posts\/6638"}],"collection":[{"href":"https:\/\/szentistvan.dnyem.hu\/index.php?rest_route=\/wp\/v2\/posts"}],"about":[{"href":"https:\/\/szentistvan.dnyem.hu\/index.php?rest_route=\/wp\/v2\/types\/post"}],"author":[{"embeddable":true,"href":"https:\/\/szentistvan.dnyem.hu\/index.php?rest_route=\/wp\/v2\/users\/2"}],"replies":[{"embeddable":true,"href":"https:\/\/szentistvan.dnyem.hu\/index.php?rest_route=%2Fwp%2Fv2%2Fcomments&post=6638"}],"version-history":[{"count":1,"href":"https:\/\/szentistvan.dnyem.hu\/index.php?rest_route=\/wp\/v2\/posts\/6638\/revisions"}],"predecessor-version":[{"id":6639,"href":"https:\/\/szentistvan.dnyem.hu\/index.php?rest_route=\/wp\/v2\/posts\/6638\/revisions\/6639"}],"wp:attachment":[{"href":"https:\/\/szentistvan.dnyem.hu\/index.php?rest_route=%2Fwp%2Fv2%2Fmedia&parent=6638"}],"wp:term":[{"taxonomy":"category","embeddable":true,"href":"https:\/\/szentistvan.dnyem.hu\/index.php?rest_route=%2Fwp%2Fv2%2Fcategories&post=6638"},{"taxonomy":"post_tag","embeddable":true,"href":"https:\/\/szentistvan.dnyem.hu\/index.php?rest_route=%2Fwp%2Fv2%2Ftags&post=6638"}],"curies":[{"name":"wp","href":"https:\/\/api.w.org\/{rel}","templated":true}]}}