{"id":6634,"date":"2025-12-22T14:16:38","date_gmt":"2025-12-22T12:16:38","guid":{"rendered":"https:\/\/szentistvan.dnyem.hu\/?p=6634"},"modified":"2025-12-22T14:16:38","modified_gmt":"2025-12-22T12:16:38","slug":"betlehemi-bekelang","status":"publish","type":"post","link":"https:\/\/szentistvan.dnyem.hu\/?p=6634","title":{"rendered":"Betlehemi b\u00e9kel\u00e1ng"},"content":{"rendered":"\n<p>Az adventi koszor\u00fa el\u0151tt \u00e9g a betlehemi Sz\u00fclet\u00e9s-bazilik\u00e1b\u00f3l elhozott b\u00e9kel\u00e1ng. Ezt a betlehemi l\u00e1ngot alkalmas m\u00e9csessel otthonukba vihetik a Kedves Testv\u00e9rek. M\u00e9cses\u00fck meggy\u00fajt\u00e1s\u00e1ra szolg\u00e1l az ott tal\u00e1lhat\u00f3 gyufasz\u00e1l. A betlehemi l\u00e1ngr\u00f3l szenteste \u2014 l\u00e1that\u00f3 hitvall\u00e1sk\u00e9nt \u2014 meggy\u00fajthatj\u00e1k kar\u00e1csonyf\u00e1juk gyerty\u00e1it.<\/p>\n","protected":false},"excerpt":{"rendered":"<p>Az adventi koszor\u00fa el\u0151tt \u00e9g a betlehemi Sz\u00fclet\u00e9s-bazilik\u00e1b\u00f3l elhozott b\u00e9kel\u00e1ng. Ezt a betlehemi l\u00e1ngot alkalmas m\u00e9csessel otthonukba vihetik a Kedves Testv\u00e9rek. M\u00e9cses\u00fck meggy\u00fajt\u00e1s\u00e1ra szolg\u00e1l az&#8230;<\/p>\n","protected":false},"author":2,"featured_media":0,"comment_status":"closed","ping_status":"open","sticky":false,"template":"","format":"standard","meta":[],"categories":[1,2],"tags":[],"_links":{"self":[{"href":"https:\/\/szentistvan.dnyem.hu\/index.php?rest_route=\/wp\/v2\/posts\/6634"}],"collection":[{"href":"https:\/\/szentistvan.dnyem.hu\/index.php?rest_route=\/wp\/v2\/posts"}],"about":[{"href":"https:\/\/szentistvan.dnyem.hu\/index.php?rest_route=\/wp\/v2\/types\/post"}],"author":[{"embeddable":true,"href":"https:\/\/szentistvan.dnyem.hu\/index.php?rest_route=\/wp\/v2\/users\/2"}],"replies":[{"embeddable":true,"href":"https:\/\/szentistvan.dnyem.hu\/index.php?rest_route=%2Fwp%2Fv2%2Fcomments&post=6634"}],"version-history":[{"count":1,"href":"https:\/\/szentistvan.dnyem.hu\/index.php?rest_route=\/wp\/v2\/posts\/6634\/revisions"}],"predecessor-version":[{"id":6635,"href":"https:\/\/szentistvan.dnyem.hu\/index.php?rest_route=\/wp\/v2\/posts\/6634\/revisions\/6635"}],"wp:attachment":[{"href":"https:\/\/szentistvan.dnyem.hu\/index.php?rest_route=%2Fwp%2Fv2%2Fmedia&parent=6634"}],"wp:term":[{"taxonomy":"category","embeddable":true,"href":"https:\/\/szentistvan.dnyem.hu\/index.php?rest_route=%2Fwp%2Fv2%2Fcategories&post=6634"},{"taxonomy":"post_tag","embeddable":true,"href":"https:\/\/szentistvan.dnyem.hu\/index.php?rest_route=%2Fwp%2Fv2%2Ftags&post=6634"}],"curies":[{"name":"wp","href":"https:\/\/api.w.org\/{rel}","templated":true}]}}