{"id":6632,"date":"2025-12-22T14:15:03","date_gmt":"2025-12-22T12:15:03","guid":{"rendered":"https:\/\/szentistvan.dnyem.hu\/?p=6632"},"modified":"2025-12-22T14:15:03","modified_gmt":"2025-12-22T12:15:03","slug":"koszonet-31","status":"publish","type":"post","link":"https:\/\/szentistvan.dnyem.hu\/?p=6632","title":{"rendered":"K\u00f6sz\u00f6net"},"content":{"rendered":"\n<p>K\u00f6sz\u00f6n\u00f6m mindazok \u00e1ldozatos munk\u00e1j\u00e1t, akik r\u00e9szt v\u00e1llaltak december 20-\u00e1n a templom kar\u00e1csonyi nagytakar\u00edt\u00e1s\u00e1b\u00f3l, a feny\u0151f\u00e1k idesz\u00e1ll\u00edt\u00e1s\u00e1b\u00f3l \u00e9s be\u00e1ll\u00edt\u00e1s\u00e1b\u00f3l.<\/p>\n","protected":false},"excerpt":{"rendered":"<p>K\u00f6sz\u00f6n\u00f6m mindazok \u00e1ldozatos munk\u00e1j\u00e1t, akik r\u00e9szt v\u00e1llaltak december 20-\u00e1n a templom kar\u00e1csonyi nagytakar\u00edt\u00e1s\u00e1b\u00f3l, a feny\u0151f\u00e1k idesz\u00e1ll\u00edt\u00e1s\u00e1b\u00f3l \u00e9s be\u00e1ll\u00edt\u00e1s\u00e1b\u00f3l.<\/p>\n","protected":false},"author":2,"featured_media":0,"comment_status":"closed","ping_status":"open","sticky":false,"template":"","format":"standard","meta":[],"categories":[5,1],"tags":[],"_links":{"self":[{"href":"https:\/\/szentistvan.dnyem.hu\/index.php?rest_route=\/wp\/v2\/posts\/6632"}],"collection":[{"href":"https:\/\/szentistvan.dnyem.hu\/index.php?rest_route=\/wp\/v2\/posts"}],"about":[{"href":"https:\/\/szentistvan.dnyem.hu\/index.php?rest_route=\/wp\/v2\/types\/post"}],"author":[{"embeddable":true,"href":"https:\/\/szentistvan.dnyem.hu\/index.php?rest_route=\/wp\/v2\/users\/2"}],"replies":[{"embeddable":true,"href":"https:\/\/szentistvan.dnyem.hu\/index.php?rest_route=%2Fwp%2Fv2%2Fcomments&post=6632"}],"version-history":[{"count":1,"href":"https:\/\/szentistvan.dnyem.hu\/index.php?rest_route=\/wp\/v2\/posts\/6632\/revisions"}],"predecessor-version":[{"id":6633,"href":"https:\/\/szentistvan.dnyem.hu\/index.php?rest_route=\/wp\/v2\/posts\/6632\/revisions\/6633"}],"wp:attachment":[{"href":"https:\/\/szentistvan.dnyem.hu\/index.php?rest_route=%2Fwp%2Fv2%2Fmedia&parent=6632"}],"wp:term":[{"taxonomy":"category","embeddable":true,"href":"https:\/\/szentistvan.dnyem.hu\/index.php?rest_route=%2Fwp%2Fv2%2Fcategories&post=6632"},{"taxonomy":"post_tag","embeddable":true,"href":"https:\/\/szentistvan.dnyem.hu\/index.php?rest_route=%2Fwp%2Fv2%2Ftags&post=6632"}],"curies":[{"name":"wp","href":"https:\/\/api.w.org\/{rel}","templated":true}]}}