{"id":6612,"date":"2025-12-07T20:52:34","date_gmt":"2025-12-07T18:52:34","guid":{"rendered":"https:\/\/szentistvan.dnyem.hu\/?p=6612"},"modified":"2025-12-14T22:27:59","modified_gmt":"2025-12-14T20:27:59","slug":"templomunk-elokeszitese-a-karacsonyra","status":"publish","type":"post","link":"https:\/\/szentistvan.dnyem.hu\/?p=6612","title":{"rendered":"Templomunk el\u0151k\u00e9sz\u00edt\u00e9se a kar\u00e1csonyra"},"content":{"rendered":"\n<p><strong>December 20-\u00e1n 9:00 \u00f3r\u00e1t\u00f3l kezd\u0151dik templomunk kar\u00e1csonyi nagytakar\u00edt\u00e1sa, a kar\u00e1csonyfa- \u00e9s betlehem-\u00e1ll\u00edt\u00e1s.<\/strong> K\u00e9rem, hogy templomunkat a magunk\u00e9nak \u00e9rezve min\u00e9l t\u00f6bben vegy\u00fck ki r\u00e9sz\u00fcnket ezekb\u0151l a munk\u00e1kb\u00f3l!<\/p>\n","protected":false},"excerpt":{"rendered":"<p>December 20-\u00e1n 9:00 \u00f3r\u00e1t\u00f3l kezd\u0151dik templomunk kar\u00e1csonyi nagytakar\u00edt\u00e1sa, a kar\u00e1csonyfa- \u00e9s betlehem-\u00e1ll\u00edt\u00e1s. K\u00e9rem, hogy templomunkat a magunk\u00e9nak \u00e9rezve min\u00e9l t\u00f6bben vegy\u00fck ki r\u00e9sz\u00fcnket ezekb\u0151l a&#8230;<\/p>\n","protected":false},"author":2,"featured_media":0,"comment_status":"closed","ping_status":"open","sticky":false,"template":"","format":"standard","meta":[],"categories":[2],"tags":[],"_links":{"self":[{"href":"https:\/\/szentistvan.dnyem.hu\/index.php?rest_route=\/wp\/v2\/posts\/6612"}],"collection":[{"href":"https:\/\/szentistvan.dnyem.hu\/index.php?rest_route=\/wp\/v2\/posts"}],"about":[{"href":"https:\/\/szentistvan.dnyem.hu\/index.php?rest_route=\/wp\/v2\/types\/post"}],"author":[{"embeddable":true,"href":"https:\/\/szentistvan.dnyem.hu\/index.php?rest_route=\/wp\/v2\/users\/2"}],"replies":[{"embeddable":true,"href":"https:\/\/szentistvan.dnyem.hu\/index.php?rest_route=%2Fwp%2Fv2%2Fcomments&post=6612"}],"version-history":[{"count":2,"href":"https:\/\/szentistvan.dnyem.hu\/index.php?rest_route=\/wp\/v2\/posts\/6612\/revisions"}],"predecessor-version":[{"id":6627,"href":"https:\/\/szentistvan.dnyem.hu\/index.php?rest_route=\/wp\/v2\/posts\/6612\/revisions\/6627"}],"wp:attachment":[{"href":"https:\/\/szentistvan.dnyem.hu\/index.php?rest_route=%2Fwp%2Fv2%2Fmedia&parent=6612"}],"wp:term":[{"taxonomy":"category","embeddable":true,"href":"https:\/\/szentistvan.dnyem.hu\/index.php?rest_route=%2Fwp%2Fv2%2Fcategories&post=6612"},{"taxonomy":"post_tag","embeddable":true,"href":"https:\/\/szentistvan.dnyem.hu\/index.php?rest_route=%2Fwp%2Fv2%2Ftags&post=6612"}],"curies":[{"name":"wp","href":"https:\/\/api.w.org\/{rel}","templated":true}]}}