{"id":6607,"date":"2025-12-07T19:15:36","date_gmt":"2025-12-07T17:15:36","guid":{"rendered":"https:\/\/szentistvan.dnyem.hu\/?p=6607"},"modified":"2025-12-07T19:15:36","modified_gmt":"2025-12-07T17:15:36","slug":"maria-es-marta-noi-imakor-3","status":"publish","type":"post","link":"https:\/\/szentistvan.dnyem.hu\/?p=6607","title":{"rendered":"M\u00e1ria \u00e9s M\u00e1rta n\u0151i imak\u00f6r"},"content":{"rendered":"\n<p><strong>December 10-\u00e9n (szerd\u00e1n\u00d6 3\/4 5-t\u0151l a sz\u00e9kesegyh\u00e1z 5. term\u00e9ben<\/strong> tartjuk a M\u00e1ria \u00e9s M\u00e1rta n\u0151i imak\u00f6rt az egyed\u00fcl\u00e1ll\u00f3 n\u0151knek \u00e9s asszonyoknak (\u00e9desany\u00e1knak \u00e9s nagymam\u00e1knak).<\/p>\n","protected":false},"excerpt":{"rendered":"<p>December 10-\u00e9n (szerd\u00e1n\u00d6 3\/4 5-t\u0151l a sz\u00e9kesegyh\u00e1z 5. term\u00e9ben tartjuk a M\u00e1ria \u00e9s M\u00e1rta n\u0151i imak\u00f6rt az egyed\u00fcl\u00e1ll\u00f3 n\u0151knek \u00e9s asszonyoknak (\u00e9desany\u00e1knak \u00e9s nagymam\u00e1knak).<\/p>\n","protected":false},"author":2,"featured_media":0,"comment_status":"closed","ping_status":"open","sticky":false,"template":"","format":"standard","meta":[],"categories":[1,9,2],"tags":[],"_links":{"self":[{"href":"https:\/\/szentistvan.dnyem.hu\/index.php?rest_route=\/wp\/v2\/posts\/6607"}],"collection":[{"href":"https:\/\/szentistvan.dnyem.hu\/index.php?rest_route=\/wp\/v2\/posts"}],"about":[{"href":"https:\/\/szentistvan.dnyem.hu\/index.php?rest_route=\/wp\/v2\/types\/post"}],"author":[{"embeddable":true,"href":"https:\/\/szentistvan.dnyem.hu\/index.php?rest_route=\/wp\/v2\/users\/2"}],"replies":[{"embeddable":true,"href":"https:\/\/szentistvan.dnyem.hu\/index.php?rest_route=%2Fwp%2Fv2%2Fcomments&post=6607"}],"version-history":[{"count":1,"href":"https:\/\/szentistvan.dnyem.hu\/index.php?rest_route=\/wp\/v2\/posts\/6607\/revisions"}],"predecessor-version":[{"id":6608,"href":"https:\/\/szentistvan.dnyem.hu\/index.php?rest_route=\/wp\/v2\/posts\/6607\/revisions\/6608"}],"wp:attachment":[{"href":"https:\/\/szentistvan.dnyem.hu\/index.php?rest_route=%2Fwp%2Fv2%2Fmedia&parent=6607"}],"wp:term":[{"taxonomy":"category","embeddable":true,"href":"https:\/\/szentistvan.dnyem.hu\/index.php?rest_route=%2Fwp%2Fv2%2Fcategories&post=6607"},{"taxonomy":"post_tag","embeddable":true,"href":"https:\/\/szentistvan.dnyem.hu\/index.php?rest_route=%2Fwp%2Fv2%2Ftags&post=6607"}],"curies":[{"name":"wp","href":"https:\/\/api.w.org\/{rel}","templated":true}]}}