{"id":6605,"date":"2025-12-07T19:13:56","date_gmt":"2025-12-07T17:13:56","guid":{"rendered":"https:\/\/szentistvan.dnyem.hu\/?p=6605"},"modified":"2025-12-07T19:13:56","modified_gmt":"2025-12-07T17:13:56","slug":"idosek-akademiaja-2","status":"publish","type":"post","link":"https:\/\/szentistvan.dnyem.hu\/?p=6605","title":{"rendered":"Id\u0151sek Akad\u00e9mi\u00e1ja"},"content":{"rendered":"\n<p><strong>December 9-\u00e9n (kedden) 8:30-t\u00f3l<\/strong> kezd\u0151dik az Id\u0151sek Akad\u00e9mi\u00e1ja <strong>a sz\u00e9kesegyh\u00e1z 5. term\u00e9ben.<\/strong><\/p>\n","protected":false},"excerpt":{"rendered":"<p>December 9-\u00e9n (kedden) 8:30-t\u00f3l kezd\u0151dik az Id\u0151sek Akad\u00e9mi\u00e1ja a sz\u00e9kesegyh\u00e1z 5. term\u00e9ben.<\/p>\n","protected":false},"author":2,"featured_media":0,"comment_status":"closed","ping_status":"open","sticky":false,"template":"","format":"standard","meta":[],"categories":[1,2],"tags":[],"_links":{"self":[{"href":"https:\/\/szentistvan.dnyem.hu\/index.php?rest_route=\/wp\/v2\/posts\/6605"}],"collection":[{"href":"https:\/\/szentistvan.dnyem.hu\/index.php?rest_route=\/wp\/v2\/posts"}],"about":[{"href":"https:\/\/szentistvan.dnyem.hu\/index.php?rest_route=\/wp\/v2\/types\/post"}],"author":[{"embeddable":true,"href":"https:\/\/szentistvan.dnyem.hu\/index.php?rest_route=\/wp\/v2\/users\/2"}],"replies":[{"embeddable":true,"href":"https:\/\/szentistvan.dnyem.hu\/index.php?rest_route=%2Fwp%2Fv2%2Fcomments&post=6605"}],"version-history":[{"count":1,"href":"https:\/\/szentistvan.dnyem.hu\/index.php?rest_route=\/wp\/v2\/posts\/6605\/revisions"}],"predecessor-version":[{"id":6606,"href":"https:\/\/szentistvan.dnyem.hu\/index.php?rest_route=\/wp\/v2\/posts\/6605\/revisions\/6606"}],"wp:attachment":[{"href":"https:\/\/szentistvan.dnyem.hu\/index.php?rest_route=%2Fwp%2Fv2%2Fmedia&parent=6605"}],"wp:term":[{"taxonomy":"category","embeddable":true,"href":"https:\/\/szentistvan.dnyem.hu\/index.php?rest_route=%2Fwp%2Fv2%2Fcategories&post=6605"},{"taxonomy":"post_tag","embeddable":true,"href":"https:\/\/szentistvan.dnyem.hu\/index.php?rest_route=%2Fwp%2Fv2%2Ftags&post=6605"}],"curies":[{"name":"wp","href":"https:\/\/api.w.org\/{rel}","templated":true}]}}