{"id":6600,"date":"2025-11-29T21:27:44","date_gmt":"2025-11-29T19:27:44","guid":{"rendered":"https:\/\/szentistvan.dnyem.hu\/?p=6600"},"modified":"2025-12-14T22:27:10","modified_gmt":"2025-12-14T20:27:10","slug":"meleg-ruhak-gyujtese","status":"publish","type":"post","link":"https:\/\/szentistvan.dnyem.hu\/?p=6600","title":{"rendered":"Adventi adom\u00e1nygy\u0171jt\u00e9s"},"content":{"rendered":"\n<p>Folytat\u00f3dik az adventi adom\u00e1nygy\u0171jt\u00e9s december 18-ig, amellyel enyh\u00edthet\u00fcnk a neh\u00e9z helyzet\u0171 csal\u00e1dok n\u00e9lk\u00fcl\u00f6z\u00e9s\u00e9n. Csatlakozzunk min\u00e9l t\u00f6bben az adom\u00e1nygy\u0171jt\u00e9shez!<\/p>\n","protected":false},"excerpt":{"rendered":"<p>Folytat\u00f3dik az adventi adom\u00e1nygy\u0171jt\u00e9s december 18-ig, amellyel enyh\u00edthet\u00fcnk a neh\u00e9z helyzet\u0171 csal\u00e1dok n\u00e9lk\u00fcl\u00f6z\u00e9s\u00e9n. Csatlakozzunk min\u00e9l t\u00f6bben az adom\u00e1nygy\u0171jt\u00e9shez!<\/p>\n","protected":false},"author":2,"featured_media":0,"comment_status":"closed","ping_status":"open","sticky":false,"template":"","format":"standard","meta":[],"categories":[7,2],"tags":[],"_links":{"self":[{"href":"https:\/\/szentistvan.dnyem.hu\/index.php?rest_route=\/wp\/v2\/posts\/6600"}],"collection":[{"href":"https:\/\/szentistvan.dnyem.hu\/index.php?rest_route=\/wp\/v2\/posts"}],"about":[{"href":"https:\/\/szentistvan.dnyem.hu\/index.php?rest_route=\/wp\/v2\/types\/post"}],"author":[{"embeddable":true,"href":"https:\/\/szentistvan.dnyem.hu\/index.php?rest_route=\/wp\/v2\/users\/2"}],"replies":[{"embeddable":true,"href":"https:\/\/szentistvan.dnyem.hu\/index.php?rest_route=%2Fwp%2Fv2%2Fcomments&post=6600"}],"version-history":[{"count":2,"href":"https:\/\/szentistvan.dnyem.hu\/index.php?rest_route=\/wp\/v2\/posts\/6600\/revisions"}],"predecessor-version":[{"id":6626,"href":"https:\/\/szentistvan.dnyem.hu\/index.php?rest_route=\/wp\/v2\/posts\/6600\/revisions\/6626"}],"wp:attachment":[{"href":"https:\/\/szentistvan.dnyem.hu\/index.php?rest_route=%2Fwp%2Fv2%2Fmedia&parent=6600"}],"wp:term":[{"taxonomy":"category","embeddable":true,"href":"https:\/\/szentistvan.dnyem.hu\/index.php?rest_route=%2Fwp%2Fv2%2Fcategories&post=6600"},{"taxonomy":"post_tag","embeddable":true,"href":"https:\/\/szentistvan.dnyem.hu\/index.php?rest_route=%2Fwp%2Fv2%2Ftags&post=6600"}],"curies":[{"name":"wp","href":"https:\/\/api.w.org\/{rel}","templated":true}]}}