{"id":6596,"date":"2025-11-29T21:21:40","date_gmt":"2025-11-29T19:21:40","guid":{"rendered":"https:\/\/szentistvan.dnyem.hu\/?p=6596"},"modified":"2025-12-14T21:50:07","modified_gmt":"2025-12-14T19:50:07","slug":"naptar-kalendarium-evkonyv","status":"publish","type":"post","link":"https:\/\/szentistvan.dnyem.hu\/?p=6596","title":{"rendered":"\u00d6r\u00f6m-H\u00edr"},"content":{"rendered":"\n<p>Megjelent az \u00d6r\u00f6m-H\u00edr, egyh\u00e1zmegy\u00e9nk sz\u00ednes tartalm\u00fa \u00e9vk\u00f6nyve kalend\u00e1riummal 2026-ra, hit\u00e9leti kr\u00f3nik\u00e1val \u00e9s a lelki-szellemi gazdagod\u00e1st szolg\u00e1l\u00f3 k\u00fcl\u00f6nf\u00e9le \u00edr\u00e1sokkal. A sekresty\u00e9b\u0151l elvihet\u0151 1500 Ft-\u00e9rt.<\/p>\n","protected":false},"excerpt":{"rendered":"<p>Megjelent az \u00d6r\u00f6m-H\u00edr, egyh\u00e1zmegy\u00e9nk sz\u00ednes tartalm\u00fa \u00e9vk\u00f6nyve kalend\u00e1riummal 2026-ra, hit\u00e9leti kr\u00f3nik\u00e1val \u00e9s a lelki-szellemi gazdagod\u00e1st szolg\u00e1l\u00f3 k\u00fcl\u00f6nf\u00e9le \u00edr\u00e1sokkal. A sekresty\u00e9b\u0151l elvihet\u0151 1500 Ft-\u00e9rt.<\/p>\n","protected":false},"author":2,"featured_media":0,"comment_status":"closed","ping_status":"open","sticky":false,"template":"","format":"standard","meta":[],"categories":[1],"tags":[],"_links":{"self":[{"href":"https:\/\/szentistvan.dnyem.hu\/index.php?rest_route=\/wp\/v2\/posts\/6596"}],"collection":[{"href":"https:\/\/szentistvan.dnyem.hu\/index.php?rest_route=\/wp\/v2\/posts"}],"about":[{"href":"https:\/\/szentistvan.dnyem.hu\/index.php?rest_route=\/wp\/v2\/types\/post"}],"author":[{"embeddable":true,"href":"https:\/\/szentistvan.dnyem.hu\/index.php?rest_route=\/wp\/v2\/users\/2"}],"replies":[{"embeddable":true,"href":"https:\/\/szentistvan.dnyem.hu\/index.php?rest_route=%2Fwp%2Fv2%2Fcomments&post=6596"}],"version-history":[{"count":2,"href":"https:\/\/szentistvan.dnyem.hu\/index.php?rest_route=\/wp\/v2\/posts\/6596\/revisions"}],"predecessor-version":[{"id":6625,"href":"https:\/\/szentistvan.dnyem.hu\/index.php?rest_route=\/wp\/v2\/posts\/6596\/revisions\/6625"}],"wp:attachment":[{"href":"https:\/\/szentistvan.dnyem.hu\/index.php?rest_route=%2Fwp%2Fv2%2Fmedia&parent=6596"}],"wp:term":[{"taxonomy":"category","embeddable":true,"href":"https:\/\/szentistvan.dnyem.hu\/index.php?rest_route=%2Fwp%2Fv2%2Fcategories&post=6596"},{"taxonomy":"post_tag","embeddable":true,"href":"https:\/\/szentistvan.dnyem.hu\/index.php?rest_route=%2Fwp%2Fv2%2Ftags&post=6596"}],"curies":[{"name":"wp","href":"https:\/\/api.w.org\/{rel}","templated":true}]}}