{"id":6594,"date":"2025-11-29T21:18:20","date_gmt":"2025-11-29T19:18:20","guid":{"rendered":"https:\/\/szentistvan.dnyem.hu\/?p=6594"},"modified":"2025-11-29T21:18:20","modified_gmt":"2025-11-29T19:18:20","slug":"film-romzsa-todorrol","status":"publish","type":"post","link":"https:\/\/szentistvan.dnyem.hu\/?p=6594","title":{"rendered":"Film Romzsa T\u00f3dorr\u00f3l"},"content":{"rendered":"\n<p><strong>December 6-\u00e1n (szombaton), az adventi filmes d\u00e9lut\u00e1non az Apoll\u00f3 Mozi Kert\u00e9sz Mih\u00e1ly term\u00e9ben 16:30-t\u00f3l megn\u00e9zz\u00fck a <a href=\"https:\/\/www.youtube.com\/watch?v=TVN3GYgOcxQ\">2025-ben k\u00e9sz\u00fclt Romzsa T\u00f3dor magyar \u00e9letrajzi dr\u00e1m\u00e1t<\/a><\/strong> A v\u00e9rtan\u00fa p\u00fcsp\u00f6k\u00f6t 2001-ben II. J\u00e1nos P\u00e1l p\u00e1pa avatta boldogg\u00e1. A filmvet\u00edt\u00e9st besz\u00e9lget\u00e9s k\u00f6veti a l\u00e1tottakr\u00f3l. A film megtekint\u00e9se d\u00edjtalan. Mindenkit szeretettel v\u00e1runk.<\/p>\n","protected":false},"excerpt":{"rendered":"<p>December 6-\u00e1n (szombaton), az adventi filmes d\u00e9lut\u00e1non az Apoll\u00f3 Mozi Kert\u00e9sz Mih\u00e1ly term\u00e9ben 16:30-t\u00f3l megn\u00e9zz\u00fck a 2025-ben k\u00e9sz\u00fclt Romzsa T\u00f3dor magyar \u00e9letrajzi dr\u00e1m\u00e1t A v\u00e9rtan\u00fa&#8230;<\/p>\n","protected":false},"author":2,"featured_media":0,"comment_status":"closed","ping_status":"open","sticky":false,"template":"","format":"standard","meta":[],"categories":[1],"tags":[],"_links":{"self":[{"href":"https:\/\/szentistvan.dnyem.hu\/index.php?rest_route=\/wp\/v2\/posts\/6594"}],"collection":[{"href":"https:\/\/szentistvan.dnyem.hu\/index.php?rest_route=\/wp\/v2\/posts"}],"about":[{"href":"https:\/\/szentistvan.dnyem.hu\/index.php?rest_route=\/wp\/v2\/types\/post"}],"author":[{"embeddable":true,"href":"https:\/\/szentistvan.dnyem.hu\/index.php?rest_route=\/wp\/v2\/users\/2"}],"replies":[{"embeddable":true,"href":"https:\/\/szentistvan.dnyem.hu\/index.php?rest_route=%2Fwp%2Fv2%2Fcomments&post=6594"}],"version-history":[{"count":1,"href":"https:\/\/szentistvan.dnyem.hu\/index.php?rest_route=\/wp\/v2\/posts\/6594\/revisions"}],"predecessor-version":[{"id":6595,"href":"https:\/\/szentistvan.dnyem.hu\/index.php?rest_route=\/wp\/v2\/posts\/6594\/revisions\/6595"}],"wp:attachment":[{"href":"https:\/\/szentistvan.dnyem.hu\/index.php?rest_route=%2Fwp%2Fv2%2Fmedia&parent=6594"}],"wp:term":[{"taxonomy":"category","embeddable":true,"href":"https:\/\/szentistvan.dnyem.hu\/index.php?rest_route=%2Fwp%2Fv2%2Fcategories&post=6594"},{"taxonomy":"post_tag","embeddable":true,"href":"https:\/\/szentistvan.dnyem.hu\/index.php?rest_route=%2Fwp%2Fv2%2Ftags&post=6594"}],"curies":[{"name":"wp","href":"https:\/\/api.w.org\/{rel}","templated":true}]}}