{"id":6592,"date":"2025-11-29T21:12:43","date_gmt":"2025-11-29T19:12:43","guid":{"rendered":"https:\/\/szentistvan.dnyem.hu\/?p=6592"},"modified":"2025-12-07T20:50:41","modified_gmt":"2025-12-07T18:50:41","slug":"elsopenteki-beteglatogatas","status":"publish","type":"post","link":"https:\/\/szentistvan.dnyem.hu\/?p=6592","title":{"rendered":"Betegl\u00e1togat\u00e1s"},"content":{"rendered":"\n<p><strong>Ha csal\u00e1djukban, rokons\u00e1gukban \u00e9s ismer\u0151seik k\u00f6r\u00e9ben \u00e9lnek olyan id\u0151s betegek, akik nem tudnak szentmis\u00e9re j\u00e1rni, de ig\u00e9nylik a kar\u00e1csonyi gy\u00f3ntat\u00e1st \u00e9s \u00e1ldoztat\u00e1st, akkor nev\u00fcket \u00e9s c\u00edm\u00fcket jelents\u00e9k nekem, hogy tudjam felkeresni \u0151ket.<\/strong><\/p>\n","protected":false},"excerpt":{"rendered":"<p>Ha csal\u00e1djukban, rokons\u00e1gukban \u00e9s ismer\u0151seik k\u00f6r\u00e9ben \u00e9lnek olyan id\u0151s betegek, akik nem tudnak szentmis\u00e9re j\u00e1rni, de ig\u00e9nylik a kar\u00e1csonyi gy\u00f3ntat\u00e1st \u00e9s \u00e1ldoztat\u00e1st, akkor nev\u00fcket \u00e9s&#8230;<\/p>\n","protected":false},"author":2,"featured_media":0,"comment_status":"closed","ping_status":"open","sticky":false,"template":"","format":"standard","meta":[],"categories":[1,9,2],"tags":[],"_links":{"self":[{"href":"https:\/\/szentistvan.dnyem.hu\/index.php?rest_route=\/wp\/v2\/posts\/6592"}],"collection":[{"href":"https:\/\/szentistvan.dnyem.hu\/index.php?rest_route=\/wp\/v2\/posts"}],"about":[{"href":"https:\/\/szentistvan.dnyem.hu\/index.php?rest_route=\/wp\/v2\/types\/post"}],"author":[{"embeddable":true,"href":"https:\/\/szentistvan.dnyem.hu\/index.php?rest_route=\/wp\/v2\/users\/2"}],"replies":[{"embeddable":true,"href":"https:\/\/szentistvan.dnyem.hu\/index.php?rest_route=%2Fwp%2Fv2%2Fcomments&post=6592"}],"version-history":[{"count":2,"href":"https:\/\/szentistvan.dnyem.hu\/index.php?rest_route=\/wp\/v2\/posts\/6592\/revisions"}],"predecessor-version":[{"id":6611,"href":"https:\/\/szentistvan.dnyem.hu\/index.php?rest_route=\/wp\/v2\/posts\/6592\/revisions\/6611"}],"wp:attachment":[{"href":"https:\/\/szentistvan.dnyem.hu\/index.php?rest_route=%2Fwp%2Fv2%2Fmedia&parent=6592"}],"wp:term":[{"taxonomy":"category","embeddable":true,"href":"https:\/\/szentistvan.dnyem.hu\/index.php?rest_route=%2Fwp%2Fv2%2Fcategories&post=6592"},{"taxonomy":"post_tag","embeddable":true,"href":"https:\/\/szentistvan.dnyem.hu\/index.php?rest_route=%2Fwp%2Fv2%2Ftags&post=6592"}],"curies":[{"name":"wp","href":"https:\/\/api.w.org\/{rel}","templated":true}]}}