{"id":6590,"date":"2025-11-29T21:09:59","date_gmt":"2025-11-29T19:09:59","guid":{"rendered":"https:\/\/szentistvan.dnyem.hu\/?p=6590"},"modified":"2025-12-14T21:48:38","modified_gmt":"2025-12-14T19:48:38","slug":"adventi-miserend","status":"publish","type":"post","link":"https:\/\/szentistvan.dnyem.hu\/?p=6590","title":{"rendered":"Adventi miserend"},"content":{"rendered":"\n<p>December 1-t\u0151l \u2014 cs\u00fct\u00f6rt\u00f6k \u00e9s szombat kiv\u00e9tel\u00e9vel \u2014 <a href=\"https:\/\/lexikon.katolikus.hu\/A\/%C3%A1dvent.html\">advent<\/a> h\u00e9tk\u00f6znapjain 6:00 \u00f3rakor kezdj\u00fck a <a href=\"https:\/\/lexikon.katolikus.hu\/R\/Rorate.html\">rorate<\/a> szentmis\u00e9ket, amelyek v\u00e9g\u00e9n \u00e9nekelj\u00fck az <a href=\"https:\/\/archiv.katolikus.hu\/szentek2\/SZENTEK\/00000280.HTM\">\u00dar angyala<\/a> im\u00e1ds\u00e1got,<\/p>\n\n\n\n<p>Min\u00e9l t\u00f6bben vegy\u00fcnk rajta r\u00e9szt!<\/p>\n","protected":false},"excerpt":{"rendered":"<p>December 1-t\u0151l \u2014 cs\u00fct\u00f6rt\u00f6k \u00e9s szombat kiv\u00e9tel\u00e9vel \u2014 advent h\u00e9tk\u00f6znapjain 6:00 \u00f3rakor kezdj\u00fck a rorate szentmis\u00e9ket, amelyek v\u00e9g\u00e9n \u00e9nekelj\u00fck az \u00dar angyala im\u00e1ds\u00e1got, Min\u00e9l t\u00f6bben&#8230;<\/p>\n","protected":false},"author":2,"featured_media":0,"comment_status":"closed","ping_status":"open","sticky":false,"template":"","format":"standard","meta":[],"categories":[1,9,2],"tags":[],"_links":{"self":[{"href":"https:\/\/szentistvan.dnyem.hu\/index.php?rest_route=\/wp\/v2\/posts\/6590"}],"collection":[{"href":"https:\/\/szentistvan.dnyem.hu\/index.php?rest_route=\/wp\/v2\/posts"}],"about":[{"href":"https:\/\/szentistvan.dnyem.hu\/index.php?rest_route=\/wp\/v2\/types\/post"}],"author":[{"embeddable":true,"href":"https:\/\/szentistvan.dnyem.hu\/index.php?rest_route=\/wp\/v2\/users\/2"}],"replies":[{"embeddable":true,"href":"https:\/\/szentistvan.dnyem.hu\/index.php?rest_route=%2Fwp%2Fv2%2Fcomments&post=6590"}],"version-history":[{"count":2,"href":"https:\/\/szentistvan.dnyem.hu\/index.php?rest_route=\/wp\/v2\/posts\/6590\/revisions"}],"predecessor-version":[{"id":6624,"href":"https:\/\/szentistvan.dnyem.hu\/index.php?rest_route=\/wp\/v2\/posts\/6590\/revisions\/6624"}],"wp:attachment":[{"href":"https:\/\/szentistvan.dnyem.hu\/index.php?rest_route=%2Fwp%2Fv2%2Fmedia&parent=6590"}],"wp:term":[{"taxonomy":"category","embeddable":true,"href":"https:\/\/szentistvan.dnyem.hu\/index.php?rest_route=%2Fwp%2Fv2%2Fcategories&post=6590"},{"taxonomy":"post_tag","embeddable":true,"href":"https:\/\/szentistvan.dnyem.hu\/index.php?rest_route=%2Fwp%2Fv2%2Ftags&post=6590"}],"curies":[{"name":"wp","href":"https:\/\/api.w.org\/{rel}","templated":true}]}}