{"id":6588,"date":"2025-11-29T21:04:34","date_gmt":"2025-11-29T19:04:34","guid":{"rendered":"https:\/\/szentistvan.dnyem.hu\/?p=6588"},"modified":"2025-11-29T21:04:34","modified_gmt":"2025-11-29T19:04:34","slug":"varosi-adventi-gyertyagyujtas","status":"publish","type":"post","link":"https:\/\/szentistvan.dnyem.hu\/?p=6588","title":{"rendered":"V\u00e1rosi adventi gyertyagy\u00fajt\u00e1s"},"content":{"rendered":"\n<p><strong>November 30-\u00e1n, 17:00 \u00f3rakor gy\u00fajtj\u00e1k meg a v\u00e1rosi adventi koszor\u00fa 1. gyerty\u00e1j\u00e1t a Reform\u00e1tus Nagytemplom el\u0151tt.<\/strong><\/p>\n","protected":false},"excerpt":{"rendered":"<p>November 30-\u00e1n, 17:00 \u00f3rakor gy\u00fajtj\u00e1k meg a v\u00e1rosi adventi koszor\u00fa 1. gyerty\u00e1j\u00e1t a Reform\u00e1tus Nagytemplom el\u0151tt.<\/p>\n","protected":false},"author":2,"featured_media":0,"comment_status":"closed","ping_status":"open","sticky":false,"template":"","format":"standard","meta":[],"categories":[1,9,2],"tags":[],"_links":{"self":[{"href":"https:\/\/szentistvan.dnyem.hu\/index.php?rest_route=\/wp\/v2\/posts\/6588"}],"collection":[{"href":"https:\/\/szentistvan.dnyem.hu\/index.php?rest_route=\/wp\/v2\/posts"}],"about":[{"href":"https:\/\/szentistvan.dnyem.hu\/index.php?rest_route=\/wp\/v2\/types\/post"}],"author":[{"embeddable":true,"href":"https:\/\/szentistvan.dnyem.hu\/index.php?rest_route=\/wp\/v2\/users\/2"}],"replies":[{"embeddable":true,"href":"https:\/\/szentistvan.dnyem.hu\/index.php?rest_route=%2Fwp%2Fv2%2Fcomments&post=6588"}],"version-history":[{"count":1,"href":"https:\/\/szentistvan.dnyem.hu\/index.php?rest_route=\/wp\/v2\/posts\/6588\/revisions"}],"predecessor-version":[{"id":6589,"href":"https:\/\/szentistvan.dnyem.hu\/index.php?rest_route=\/wp\/v2\/posts\/6588\/revisions\/6589"}],"wp:attachment":[{"href":"https:\/\/szentistvan.dnyem.hu\/index.php?rest_route=%2Fwp%2Fv2%2Fmedia&parent=6588"}],"wp:term":[{"taxonomy":"category","embeddable":true,"href":"https:\/\/szentistvan.dnyem.hu\/index.php?rest_route=%2Fwp%2Fv2%2Fcategories&post=6588"},{"taxonomy":"post_tag","embeddable":true,"href":"https:\/\/szentistvan.dnyem.hu\/index.php?rest_route=%2Fwp%2Fv2%2Ftags&post=6588"}],"curies":[{"name":"wp","href":"https:\/\/api.w.org\/{rel}","templated":true}]}}