{"id":6579,"date":"2025-11-24T19:46:08","date_gmt":"2025-11-24T17:46:08","guid":{"rendered":"https:\/\/szentistvan.dnyem.hu\/?p=6579"},"modified":"2025-11-24T19:46:08","modified_gmt":"2025-11-24T17:46:08","slug":"adventi-szeretetdoboz-adomanygyujto-akcio-2","status":"publish","type":"post","link":"https:\/\/szentistvan.dnyem.hu\/?p=6579","title":{"rendered":"Adventi Szeretetdoboz Adom\u00e1nygy\u0171jt\u0151 Akci\u00f3"},"content":{"rendered":"\n<p>Advent k\u00f6zeledt\u00e9vel Debrecen \u00d6nkorm\u00e1nyzata, a Debreceni Karitat\u00edv Test\u00fclet, a Debrecen-Ny\u00edregyh\u00e1zi Egyh\u00e1zmegye, a Tisz\u00e1nt\u00fali Reform\u00e1tus Egyh\u00e1zker\u00fclet \u00e9s a Hajd\u00fadorogi F\u0151egyh\u00e1zmegye k\u00f6z\u00f6s \u00f6sszefog\u00e1ssal szeretne seg\u00edt\u0151 kezet ny\u00fajtani a debreceni r\u00e1szorul\u00f3knak. \u00c9ppen ez\u00e9rt <strong>december 15-ig tart az Adventi Szeretetdoboz Adom\u00e1nygy\u0171jt\u0151 Akci\u00f3. A szeretetdobozokba els\u0151sorban legal\u00e1bb f\u00e9l \u00e9ves szavatoss\u00e1g\u00fa tart\u00f3s \u00e9lelmiszereket v\u00e1rnak, de sz\u00edvesen fogadnak tiszt\u00e1lkod\u00e1si- \u00e9s tiszt\u00edt\u00f3szereket. Az adom\u00e1nyok leadhat\u00f3k a sekresty\u00e9ben vagy a pl\u00e9b\u00e1niairod\u00e1n.<\/strong> Csatlakozzunk min\u00e9l t\u00f6bben ehhez az adom\u00e1nygy\u0171jt\u00e9shez!<\/p>\n","protected":false},"excerpt":{"rendered":"<p>Advent k\u00f6zeledt\u00e9vel Debrecen \u00d6nkorm\u00e1nyzata, a Debreceni Karitat\u00edv Test\u00fclet, a Debrecen-Ny\u00edregyh\u00e1zi Egyh\u00e1zmegye, a Tisz\u00e1nt\u00fali Reform\u00e1tus Egyh\u00e1zker\u00fclet \u00e9s a Hajd\u00fadorogi F\u0151egyh\u00e1zmegye k\u00f6z\u00f6s \u00f6sszefog\u00e1ssal szeretne seg\u00edt\u0151 kezet ny\u00fajtani&#8230;<\/p>\n","protected":false},"author":2,"featured_media":0,"comment_status":"closed","ping_status":"open","sticky":false,"template":"","format":"standard","meta":[],"categories":[1,7,2],"tags":[],"_links":{"self":[{"href":"https:\/\/szentistvan.dnyem.hu\/index.php?rest_route=\/wp\/v2\/posts\/6579"}],"collection":[{"href":"https:\/\/szentistvan.dnyem.hu\/index.php?rest_route=\/wp\/v2\/posts"}],"about":[{"href":"https:\/\/szentistvan.dnyem.hu\/index.php?rest_route=\/wp\/v2\/types\/post"}],"author":[{"embeddable":true,"href":"https:\/\/szentistvan.dnyem.hu\/index.php?rest_route=\/wp\/v2\/users\/2"}],"replies":[{"embeddable":true,"href":"https:\/\/szentistvan.dnyem.hu\/index.php?rest_route=%2Fwp%2Fv2%2Fcomments&post=6579"}],"version-history":[{"count":1,"href":"https:\/\/szentistvan.dnyem.hu\/index.php?rest_route=\/wp\/v2\/posts\/6579\/revisions"}],"predecessor-version":[{"id":6580,"href":"https:\/\/szentistvan.dnyem.hu\/index.php?rest_route=\/wp\/v2\/posts\/6579\/revisions\/6580"}],"wp:attachment":[{"href":"https:\/\/szentistvan.dnyem.hu\/index.php?rest_route=%2Fwp%2Fv2%2Fmedia&parent=6579"}],"wp:term":[{"taxonomy":"category","embeddable":true,"href":"https:\/\/szentistvan.dnyem.hu\/index.php?rest_route=%2Fwp%2Fv2%2Fcategories&post=6579"},{"taxonomy":"post_tag","embeddable":true,"href":"https:\/\/szentistvan.dnyem.hu\/index.php?rest_route=%2Fwp%2Fv2%2Ftags&post=6579"}],"curies":[{"name":"wp","href":"https:\/\/api.w.org\/{rel}","templated":true}]}}