{"id":6563,"date":"2025-11-09T23:50:17","date_gmt":"2025-11-09T21:50:17","guid":{"rendered":"https:\/\/szentistvan.dnyem.hu\/?p=6563"},"modified":"2025-11-09T23:50:17","modified_gmt":"2025-11-09T21:50:17","slug":"teadelutan","status":"publish","type":"post","link":"https:\/\/szentistvan.dnyem.hu\/?p=6563","title":{"rendered":"Tead\u00e9lut\u00e1n"},"content":{"rendered":"\n<p><strong>November 15-\u00e9n (szombaton) 14:00 \u00f3r\u00e1t\u00f3l TEAD\u00c9LUT\u00c1NRA h\u00edvom a nyugd\u00edjas kor\u00faakat a pl\u00e9b\u00e1ni\u00e1ra<\/strong>. <strong>Akik sz\u00edvesen elj\u00f6nn\u00e9nek \u2014 szervez\u00e9s megk\u00f6nny\u00edt\u00e9se \u00e9rdek\u00e9ben \u2014 a szentmise ut\u00e1n iratkozzanak fel a sz\u00e9lfog\u00f3ban.<\/strong><\/p>\n","protected":false},"excerpt":{"rendered":"<p>November 15-\u00e9n (szombaton) 14:00 \u00f3r\u00e1t\u00f3l TEAD\u00c9LUT\u00c1NRA h\u00edvom a nyugd\u00edjas kor\u00faakat a pl\u00e9b\u00e1ni\u00e1ra. Akik sz\u00edvesen elj\u00f6nn\u00e9nek \u2014 szervez\u00e9s megk\u00f6nny\u00edt\u00e9se \u00e9rdek\u00e9ben \u2014 a szentmise ut\u00e1n iratkozzanak fel&#8230;<\/p>\n","protected":false},"author":2,"featured_media":0,"comment_status":"closed","ping_status":"open","sticky":false,"template":"","format":"standard","meta":[],"categories":[2],"tags":[],"_links":{"self":[{"href":"https:\/\/szentistvan.dnyem.hu\/index.php?rest_route=\/wp\/v2\/posts\/6563"}],"collection":[{"href":"https:\/\/szentistvan.dnyem.hu\/index.php?rest_route=\/wp\/v2\/posts"}],"about":[{"href":"https:\/\/szentistvan.dnyem.hu\/index.php?rest_route=\/wp\/v2\/types\/post"}],"author":[{"embeddable":true,"href":"https:\/\/szentistvan.dnyem.hu\/index.php?rest_route=\/wp\/v2\/users\/2"}],"replies":[{"embeddable":true,"href":"https:\/\/szentistvan.dnyem.hu\/index.php?rest_route=%2Fwp%2Fv2%2Fcomments&post=6563"}],"version-history":[{"count":1,"href":"https:\/\/szentistvan.dnyem.hu\/index.php?rest_route=\/wp\/v2\/posts\/6563\/revisions"}],"predecessor-version":[{"id":6564,"href":"https:\/\/szentistvan.dnyem.hu\/index.php?rest_route=\/wp\/v2\/posts\/6563\/revisions\/6564"}],"wp:attachment":[{"href":"https:\/\/szentistvan.dnyem.hu\/index.php?rest_route=%2Fwp%2Fv2%2Fmedia&parent=6563"}],"wp:term":[{"taxonomy":"category","embeddable":true,"href":"https:\/\/szentistvan.dnyem.hu\/index.php?rest_route=%2Fwp%2Fv2%2Fcategories&post=6563"},{"taxonomy":"post_tag","embeddable":true,"href":"https:\/\/szentistvan.dnyem.hu\/index.php?rest_route=%2Fwp%2Fv2%2Ftags&post=6563"}],"curies":[{"name":"wp","href":"https:\/\/api.w.org\/{rel}","templated":true}]}}