{"id":6560,"date":"2025-11-09T23:47:24","date_gmt":"2025-11-09T21:47:24","guid":{"rendered":"https:\/\/szentistvan.dnyem.hu\/?p=6560"},"modified":"2025-11-09T23:47:24","modified_gmt":"2025-11-09T21:47:24","slug":"filmklub-10","status":"publish","type":"post","link":"https:\/\/szentistvan.dnyem.hu\/?p=6560","title":{"rendered":"Filmklub"},"content":{"rendered":"\n<p><strong>November 11-\u00e9n (kedden) 18:00 \u00f3r\u00e1t\u00f3l<\/strong> folytat\u00f3dik a filmklub <strong>a Varga utca 3. sz\u00e1m alatti Kateketikai K\u00f6zpontban.<\/strong> <strong>Megn\u00e9zz\u00fck a 2004-ben k\u00e9sz\u00fclt <a href=\"https:\/\/videa.hu\/videok\/film-animacio\/paduai-szent-antal-1.-katolikus-kereszteny-pOELzoio6Z7Xa9fc\">P\u00e1duai Szent Antal<\/a> c. olasz filmet<\/strong>, amely a portug\u00e1l ferences szerzetes \u00e9let\u00e9t mutatja be. A filmvet\u00edt\u00e9st besz\u00e9lget\u00e9s k\u00f6veti a l\u00e1tottakr\u00f3l.<\/p>\n","protected":false},"excerpt":{"rendered":"<p>November 11-\u00e9n (kedden) 18:00 \u00f3r\u00e1t\u00f3l folytat\u00f3dik a filmklub a Varga utca 3. sz\u00e1m alatti Kateketikai K\u00f6zpontban. Megn\u00e9zz\u00fck a 2004-ben k\u00e9sz\u00fclt P\u00e1duai Szent Antal c. olasz&#8230;<\/p>\n","protected":false},"author":2,"featured_media":0,"comment_status":"closed","ping_status":"open","sticky":false,"template":"","format":"standard","meta":[],"categories":[1,2],"tags":[],"_links":{"self":[{"href":"https:\/\/szentistvan.dnyem.hu\/index.php?rest_route=\/wp\/v2\/posts\/6560"}],"collection":[{"href":"https:\/\/szentistvan.dnyem.hu\/index.php?rest_route=\/wp\/v2\/posts"}],"about":[{"href":"https:\/\/szentistvan.dnyem.hu\/index.php?rest_route=\/wp\/v2\/types\/post"}],"author":[{"embeddable":true,"href":"https:\/\/szentistvan.dnyem.hu\/index.php?rest_route=\/wp\/v2\/users\/2"}],"replies":[{"embeddable":true,"href":"https:\/\/szentistvan.dnyem.hu\/index.php?rest_route=%2Fwp%2Fv2%2Fcomments&post=6560"}],"version-history":[{"count":1,"href":"https:\/\/szentistvan.dnyem.hu\/index.php?rest_route=\/wp\/v2\/posts\/6560\/revisions"}],"predecessor-version":[{"id":6561,"href":"https:\/\/szentistvan.dnyem.hu\/index.php?rest_route=\/wp\/v2\/posts\/6560\/revisions\/6561"}],"wp:attachment":[{"href":"https:\/\/szentistvan.dnyem.hu\/index.php?rest_route=%2Fwp%2Fv2%2Fmedia&parent=6560"}],"wp:term":[{"taxonomy":"category","embeddable":true,"href":"https:\/\/szentistvan.dnyem.hu\/index.php?rest_route=%2Fwp%2Fv2%2Fcategories&post=6560"},{"taxonomy":"post_tag","embeddable":true,"href":"https:\/\/szentistvan.dnyem.hu\/index.php?rest_route=%2Fwp%2Fv2%2Ftags&post=6560"}],"curies":[{"name":"wp","href":"https:\/\/api.w.org\/{rel}","templated":true}]}}