{"id":6551,"date":"2025-11-01T23:50:15","date_gmt":"2025-11-01T21:50:15","guid":{"rendered":"https:\/\/szentistvan.dnyem.hu\/?p=6551"},"modified":"2025-11-01T23:50:15","modified_gmt":"2025-11-01T21:50:15","slug":"idosek-teadelutanja-4","status":"publish","type":"post","link":"https:\/\/szentistvan.dnyem.hu\/?p=6551","title":{"rendered":"Id\u0151sek tead\u00e9lut\u00e1nja"},"content":{"rendered":"\n<p><strong>November 15-\u00e9n (szombaton) 14:00 \u00f3r\u00e1t\u00f3l<\/strong> ID\u0150SEK TEAD\u00c9LUT\u00c1NJ\u00c1RA h\u00edvom a nyugd\u00edjas kor\u00faakat <strong>a pl\u00e9b\u00e1ni\u00e1ra<\/strong>. Akik sz\u00edvesen elj\u00f6nn\u00e9nek \u2014 szervez\u00e9s megk\u00f6nny\u00edt\u00e9se \u00e9rdek\u00e9ben \u2014 a szentmis\u00e9k ut\u00e1n iratkozzanak fel a sz\u00e9lfog\u00f3ban.<\/p>\n","protected":false},"excerpt":{"rendered":"<p>November 15-\u00e9n (szombaton) 14:00 \u00f3r\u00e1t\u00f3l ID\u0150SEK TEAD\u00c9LUT\u00c1NJ\u00c1RA h\u00edvom a nyugd\u00edjas kor\u00faakat a pl\u00e9b\u00e1ni\u00e1ra. Akik sz\u00edvesen elj\u00f6nn\u00e9nek \u2014 szervez\u00e9s megk\u00f6nny\u00edt\u00e9se \u00e9rdek\u00e9ben \u2014 a szentmis\u00e9k ut\u00e1n iratkozzanak&#8230;<\/p>\n","protected":false},"author":2,"featured_media":0,"comment_status":"closed","ping_status":"open","sticky":false,"template":"","format":"standard","meta":[],"categories":[2],"tags":[],"_links":{"self":[{"href":"https:\/\/szentistvan.dnyem.hu\/index.php?rest_route=\/wp\/v2\/posts\/6551"}],"collection":[{"href":"https:\/\/szentistvan.dnyem.hu\/index.php?rest_route=\/wp\/v2\/posts"}],"about":[{"href":"https:\/\/szentistvan.dnyem.hu\/index.php?rest_route=\/wp\/v2\/types\/post"}],"author":[{"embeddable":true,"href":"https:\/\/szentistvan.dnyem.hu\/index.php?rest_route=\/wp\/v2\/users\/2"}],"replies":[{"embeddable":true,"href":"https:\/\/szentistvan.dnyem.hu\/index.php?rest_route=%2Fwp%2Fv2%2Fcomments&post=6551"}],"version-history":[{"count":1,"href":"https:\/\/szentistvan.dnyem.hu\/index.php?rest_route=\/wp\/v2\/posts\/6551\/revisions"}],"predecessor-version":[{"id":6552,"href":"https:\/\/szentistvan.dnyem.hu\/index.php?rest_route=\/wp\/v2\/posts\/6551\/revisions\/6552"}],"wp:attachment":[{"href":"https:\/\/szentistvan.dnyem.hu\/index.php?rest_route=%2Fwp%2Fv2%2Fmedia&parent=6551"}],"wp:term":[{"taxonomy":"category","embeddable":true,"href":"https:\/\/szentistvan.dnyem.hu\/index.php?rest_route=%2Fwp%2Fv2%2Fcategories&post=6551"},{"taxonomy":"post_tag","embeddable":true,"href":"https:\/\/szentistvan.dnyem.hu\/index.php?rest_route=%2Fwp%2Fv2%2Ftags&post=6551"}],"curies":[{"name":"wp","href":"https:\/\/api.w.org\/{rel}","templated":true}]}}