{"id":6535,"date":"2025-10-27T09:18:20","date_gmt":"2025-10-27T07:18:20","guid":{"rendered":"https:\/\/szentistvan.dnyem.hu\/?p=6535"},"modified":"2025-10-27T09:18:20","modified_gmt":"2025-10-27T07:18:20","slug":"mindenszentek-5","status":"publish","type":"post","link":"https:\/\/szentistvan.dnyem.hu\/?p=6535","title":{"rendered":"Mindenszentek"},"content":{"rendered":"\n<p><strong>November 1-j\u00e9n (szombaton), Mindenszentek f\u0151\u00fcnnep\u00e9n a k\u00f6ztemet\u0151 2. sz. ravataloz\u00f3ja el\u0151tt 15:00-kor kezd\u0151dik a szentmise.<\/strong><br>Aki november 1-8 napjain a temet\u0151t \u00e1h\u00edtatos l\u00e9lekkel l\u00e1togatja, \u00e9s im\u00e1dkozik a megholtak\u00e9rt, <strong><a href=\"https:\/\/lexikon.katolikus.hu\/T\/teljes%20b%C3%BAcs%C3%BA.html\">teljes b\u00facs\u00fat<\/a><\/strong> nyerhet a tiszt\u00edt\u00f3t\u0171zben szenved\u0151k\u00e9rt a sz\u00fcks\u00e9ges felt\u00e9telekkel: szentgy\u00f3n\u00e1s, szent\u00e1ldoz\u00e1s \u00e9s im\u00e1ds\u00e1g (egy Miaty\u00e1nk \u00e9s \u00dcdv\u00f6zl\u00e9gy) a szentatya sz\u00e1nd\u00e9k\u00e1ra.<br>Aki Mindenszentek \u00e9s halottak napj\u00e1n templomot vagy k\u00e1poln\u00e1t \u00e1h\u00edtattal megl\u00e1togat, szint\u00e9n <strong><a href=\"https:\/\/mariaszazada.hu\/teljes-bucsu\/\">teljes b\u00facs\u00fat<\/a> <\/strong>nyerhet. Egy napon csak egy teljes b\u00facs\u00fa nyerhet\u0151!<br>Az \u00e9v t\u00f6bbi napj\u00e1n <strong><a href=\"https:\/\/mariaszazada.hu\/reszleges-bucsu\/\">r\u00e9szleges b\u00facs\u00fat<\/a><\/strong> lehet nyerni a temet\u0151 im\u00e1ds\u00e1gos lelk\u00fclet\u0171 l\u00e1togat\u00e1sakor.<\/p>\n","protected":false},"excerpt":{"rendered":"<p>November 1-j\u00e9n (szombaton), Mindenszentek f\u0151\u00fcnnep\u00e9n a k\u00f6ztemet\u0151 2. sz. ravataloz\u00f3ja el\u0151tt 15:00-kor kezd\u0151dik a szentmise.Aki november 1-8 napjain a temet\u0151t \u00e1h\u00edtatos l\u00e9lekkel l\u00e1togatja, \u00e9s im\u00e1dkozik&#8230;<\/p>\n","protected":false},"author":2,"featured_media":0,"comment_status":"closed","ping_status":"open","sticky":false,"template":"","format":"standard","meta":[],"categories":[1,9,2],"tags":[],"_links":{"self":[{"href":"https:\/\/szentistvan.dnyem.hu\/index.php?rest_route=\/wp\/v2\/posts\/6535"}],"collection":[{"href":"https:\/\/szentistvan.dnyem.hu\/index.php?rest_route=\/wp\/v2\/posts"}],"about":[{"href":"https:\/\/szentistvan.dnyem.hu\/index.php?rest_route=\/wp\/v2\/types\/post"}],"author":[{"embeddable":true,"href":"https:\/\/szentistvan.dnyem.hu\/index.php?rest_route=\/wp\/v2\/users\/2"}],"replies":[{"embeddable":true,"href":"https:\/\/szentistvan.dnyem.hu\/index.php?rest_route=%2Fwp%2Fv2%2Fcomments&post=6535"}],"version-history":[{"count":1,"href":"https:\/\/szentistvan.dnyem.hu\/index.php?rest_route=\/wp\/v2\/posts\/6535\/revisions"}],"predecessor-version":[{"id":6536,"href":"https:\/\/szentistvan.dnyem.hu\/index.php?rest_route=\/wp\/v2\/posts\/6535\/revisions\/6536"}],"wp:attachment":[{"href":"https:\/\/szentistvan.dnyem.hu\/index.php?rest_route=%2Fwp%2Fv2%2Fmedia&parent=6535"}],"wp:term":[{"taxonomy":"category","embeddable":true,"href":"https:\/\/szentistvan.dnyem.hu\/index.php?rest_route=%2Fwp%2Fv2%2Fcategories&post=6535"},{"taxonomy":"post_tag","embeddable":true,"href":"https:\/\/szentistvan.dnyem.hu\/index.php?rest_route=%2Fwp%2Fv2%2Ftags&post=6535"}],"curies":[{"name":"wp","href":"https:\/\/api.w.org\/{rel}","templated":true}]}}