{"id":6527,"date":"2025-10-18T21:42:07","date_gmt":"2025-10-18T19:42:07","guid":{"rendered":"https:\/\/szentistvan.dnyem.hu\/?p=6527"},"modified":"2025-10-18T21:42:07","modified_gmt":"2025-10-18T19:42:07","slug":"szentmisek-az-elhunytakert","status":"publish","type":"post","link":"https:\/\/szentistvan.dnyem.hu\/?p=6527","title":{"rendered":"Szentmis\u00e9k az elhunytak\u00e9rt"},"content":{"rendered":"\n<p>Eg\u00e9sz novemberben az elhunytak\u00e9rt aj\u00e1nljuk fel a szentmis\u00e9ket. Ezen sz\u00e9p gyakorlatot k\u00f6vetve Gergely-miselapok elvihet\u0151k a sz\u00e9lfog\u00f3b\u00f3l. A lapokra \u00edrj\u00e1k fel elhunyt szeretteik nev\u00e9t, akik\u00e9rt szeretn\u00e9k harminc napon kereszt\u00fcl a szentmise\u00e1ldozatot felaj\u00e1nlani. Helyezz\u00e9k egy bor\u00edt\u00e9kba, tegy\u00e9k bele a szentmis\u00e9\u00e9rt felaj\u00e1nlott p\u00e9nzadom\u00e1nyt is, \u00e9s november elsej\u00e9ig juttass\u00e1k vissza a sekresty\u00e9be.<\/p>\n","protected":false},"excerpt":{"rendered":"<p>Eg\u00e9sz novemberben az elhunytak\u00e9rt aj\u00e1nljuk fel a szentmis\u00e9ket. Ezen sz\u00e9p gyakorlatot k\u00f6vetve Gergely-miselapok elvihet\u0151k a sz\u00e9lfog\u00f3b\u00f3l. A lapokra \u00edrj\u00e1k fel elhunyt szeretteik nev\u00e9t, akik\u00e9rt szeretn\u00e9k&#8230;<\/p>\n","protected":false},"author":2,"featured_media":0,"comment_status":"closed","ping_status":"open","sticky":false,"template":"","format":"standard","meta":[],"categories":[1,9,2],"tags":[],"_links":{"self":[{"href":"https:\/\/szentistvan.dnyem.hu\/index.php?rest_route=\/wp\/v2\/posts\/6527"}],"collection":[{"href":"https:\/\/szentistvan.dnyem.hu\/index.php?rest_route=\/wp\/v2\/posts"}],"about":[{"href":"https:\/\/szentistvan.dnyem.hu\/index.php?rest_route=\/wp\/v2\/types\/post"}],"author":[{"embeddable":true,"href":"https:\/\/szentistvan.dnyem.hu\/index.php?rest_route=\/wp\/v2\/users\/2"}],"replies":[{"embeddable":true,"href":"https:\/\/szentistvan.dnyem.hu\/index.php?rest_route=%2Fwp%2Fv2%2Fcomments&post=6527"}],"version-history":[{"count":1,"href":"https:\/\/szentistvan.dnyem.hu\/index.php?rest_route=\/wp\/v2\/posts\/6527\/revisions"}],"predecessor-version":[{"id":6528,"href":"https:\/\/szentistvan.dnyem.hu\/index.php?rest_route=\/wp\/v2\/posts\/6527\/revisions\/6528"}],"wp:attachment":[{"href":"https:\/\/szentistvan.dnyem.hu\/index.php?rest_route=%2Fwp%2Fv2%2Fmedia&parent=6527"}],"wp:term":[{"taxonomy":"category","embeddable":true,"href":"https:\/\/szentistvan.dnyem.hu\/index.php?rest_route=%2Fwp%2Fv2%2Fcategories&post=6527"},{"taxonomy":"post_tag","embeddable":true,"href":"https:\/\/szentistvan.dnyem.hu\/index.php?rest_route=%2Fwp%2Fv2%2Ftags&post=6527"}],"curies":[{"name":"wp","href":"https:\/\/api.w.org\/{rel}","templated":true}]}}