{"id":6524,"date":"2025-10-18T21:24:59","date_gmt":"2025-10-18T19:24:59","guid":{"rendered":"https:\/\/szentistvan.dnyem.hu\/?p=6524"},"modified":"2025-10-18T21:24:59","modified_gmt":"2025-10-18T19:24:59","slug":"teli-idoszamitas-kezdete","status":"publish","type":"post","link":"https:\/\/szentistvan.dnyem.hu\/?p=6524","title":{"rendered":"T\u00e9li id\u0151sz\u00e1m\u00edt\u00e1s kezdete"},"content":{"rendered":"\n<p><strong>Okt\u00f3ber 26-\u00e1n (vas\u00e1rnap)<\/strong> <strong>kezdet\u00e9t veszi a <a href=\"https:\/\/www.pontosido.com\/oraatallitas\/\" target=\"_blank\" rel=\"noreferrer noopener\">t\u00e9li id\u0151sz\u00e1m\u00edt\u00e1s<\/a>. Ne felejts\u00fck el \u00f3r\u00e1inkat m\u00e1r szombaton (1 \u00f3r\u00e1val) vissza\u00e1ll\u00edtani<\/strong><\/p>\n","protected":false},"excerpt":{"rendered":"<p>Okt\u00f3ber 26-\u00e1n (vas\u00e1rnap) kezdet\u00e9t veszi a t\u00e9li id\u0151sz\u00e1m\u00edt\u00e1s. Ne felejts\u00fck el \u00f3r\u00e1inkat m\u00e1r szombaton (1 \u00f3r\u00e1val) vissza\u00e1ll\u00edtani<\/p>\n","protected":false},"author":2,"featured_media":0,"comment_status":"closed","ping_status":"open","sticky":false,"template":"","format":"standard","meta":[],"categories":[1,2],"tags":[],"_links":{"self":[{"href":"https:\/\/szentistvan.dnyem.hu\/index.php?rest_route=\/wp\/v2\/posts\/6524"}],"collection":[{"href":"https:\/\/szentistvan.dnyem.hu\/index.php?rest_route=\/wp\/v2\/posts"}],"about":[{"href":"https:\/\/szentistvan.dnyem.hu\/index.php?rest_route=\/wp\/v2\/types\/post"}],"author":[{"embeddable":true,"href":"https:\/\/szentistvan.dnyem.hu\/index.php?rest_route=\/wp\/v2\/users\/2"}],"replies":[{"embeddable":true,"href":"https:\/\/szentistvan.dnyem.hu\/index.php?rest_route=%2Fwp%2Fv2%2Fcomments&post=6524"}],"version-history":[{"count":1,"href":"https:\/\/szentistvan.dnyem.hu\/index.php?rest_route=\/wp\/v2\/posts\/6524\/revisions"}],"predecessor-version":[{"id":6525,"href":"https:\/\/szentistvan.dnyem.hu\/index.php?rest_route=\/wp\/v2\/posts\/6524\/revisions\/6525"}],"wp:attachment":[{"href":"https:\/\/szentistvan.dnyem.hu\/index.php?rest_route=%2Fwp%2Fv2%2Fmedia&parent=6524"}],"wp:term":[{"taxonomy":"category","embeddable":true,"href":"https:\/\/szentistvan.dnyem.hu\/index.php?rest_route=%2Fwp%2Fv2%2Fcategories&post=6524"},{"taxonomy":"post_tag","embeddable":true,"href":"https:\/\/szentistvan.dnyem.hu\/index.php?rest_route=%2Fwp%2Fv2%2Ftags&post=6524"}],"curies":[{"name":"wp","href":"https:\/\/api.w.org\/{rel}","templated":true}]}}