{"id":6506,"date":"2025-10-12T23:32:55","date_gmt":"2025-10-12T21:32:55","guid":{"rendered":"https:\/\/szentistvan.dnyem.hu\/?p=6506"},"modified":"2025-11-09T23:48:42","modified_gmt":"2025-11-09T21:48:42","slug":"maria-es-marta-noi-imakor-2","status":"publish","type":"post","link":"https:\/\/szentistvan.dnyem.hu\/?p=6506","title":{"rendered":"M\u00e1ria \u00e9s M\u00e1rta n\u0151i imak\u00f6r"},"content":{"rendered":"\n<p><strong>November 12-\u00e9n (szerd\u00e1n) 16:45-t\u00f3l<\/strong> folytat\u00f3dik a M\u00e1ria \u00e9s M\u00e1rta n\u0151i imak\u00f6r az egyed\u00fcl\u00e1ll\u00f3 n\u0151knek \u00e9s asszonyoknak <strong>a sz\u00e9kesegyh\u00e1z 5. term\u00e9ben.<\/strong> Szeretettel v\u00e1rjuk a csoporthoz csatlakozni akar\u00f3 egyed\u00fcl\u00e1ll\u00f3 n\u0151ket \u00e9s asszonyokat (\u00e9desany\u00e1knak \u00e9s nagymam\u00e1knak).<\/p>\n","protected":false},"excerpt":{"rendered":"<p>November 12-\u00e9n (szerd\u00e1n) 16:45-t\u00f3l folytat\u00f3dik a M\u00e1ria \u00e9s M\u00e1rta n\u0151i imak\u00f6r az egyed\u00fcl\u00e1ll\u00f3 n\u0151knek \u00e9s asszonyoknak a sz\u00e9kesegyh\u00e1z 5. term\u00e9ben. Szeretettel v\u00e1rjuk a csoporthoz csatlakozni&#8230;<\/p>\n","protected":false},"author":2,"featured_media":0,"comment_status":"closed","ping_status":"open","sticky":false,"template":"","format":"standard","meta":[],"categories":[1,9,2],"tags":[],"_links":{"self":[{"href":"https:\/\/szentistvan.dnyem.hu\/index.php?rest_route=\/wp\/v2\/posts\/6506"}],"collection":[{"href":"https:\/\/szentistvan.dnyem.hu\/index.php?rest_route=\/wp\/v2\/posts"}],"about":[{"href":"https:\/\/szentistvan.dnyem.hu\/index.php?rest_route=\/wp\/v2\/types\/post"}],"author":[{"embeddable":true,"href":"https:\/\/szentistvan.dnyem.hu\/index.php?rest_route=\/wp\/v2\/users\/2"}],"replies":[{"embeddable":true,"href":"https:\/\/szentistvan.dnyem.hu\/index.php?rest_route=%2Fwp%2Fv2%2Fcomments&post=6506"}],"version-history":[{"count":3,"href":"https:\/\/szentistvan.dnyem.hu\/index.php?rest_route=\/wp\/v2\/posts\/6506\/revisions"}],"predecessor-version":[{"id":6562,"href":"https:\/\/szentistvan.dnyem.hu\/index.php?rest_route=\/wp\/v2\/posts\/6506\/revisions\/6562"}],"wp:attachment":[{"href":"https:\/\/szentistvan.dnyem.hu\/index.php?rest_route=%2Fwp%2Fv2%2Fmedia&parent=6506"}],"wp:term":[{"taxonomy":"category","embeddable":true,"href":"https:\/\/szentistvan.dnyem.hu\/index.php?rest_route=%2Fwp%2Fv2%2Fcategories&post=6506"},{"taxonomy":"post_tag","embeddable":true,"href":"https:\/\/szentistvan.dnyem.hu\/index.php?rest_route=%2Fwp%2Fv2%2Ftags&post=6506"}],"curies":[{"name":"wp","href":"https:\/\/api.w.org\/{rel}","templated":true}]}}