{"id":6487,"date":"2025-09-28T21:39:55","date_gmt":"2025-09-28T19:39:55","guid":{"rendered":"https:\/\/szentistvan.dnyem.hu\/?p=6487"},"modified":"2025-09-28T21:39:55","modified_gmt":"2025-09-28T19:39:55","slug":"orgonakoncert-5","status":"publish","type":"post","link":"https:\/\/szentistvan.dnyem.hu\/?p=6487","title":{"rendered":"Orgonakoncert"},"content":{"rendered":"\n<p><strong>Okt\u00f3ber 5-\u00e9n (vas\u00e1rnap) az esti szentmise ut\u00e1n a sz\u00e9kesegyh\u00e1zban L\u0151rinczi Lehel orgonam\u0171v\u00e9sz koncertj\u00e9n vehet\u00fcnk r\u00e9szt.<\/strong><\/p>\n","protected":false},"excerpt":{"rendered":"<p>Okt\u00f3ber 5-\u00e9n (vas\u00e1rnap) az esti szentmise ut\u00e1n a sz\u00e9kesegyh\u00e1zban L\u0151rinczi Lehel orgonam\u0171v\u00e9sz koncertj\u00e9n vehet\u00fcnk r\u00e9szt.<\/p>\n","protected":false},"author":2,"featured_media":0,"comment_status":"closed","ping_status":"open","sticky":false,"template":"","format":"standard","meta":[],"categories":[1,2],"tags":[],"_links":{"self":[{"href":"https:\/\/szentistvan.dnyem.hu\/index.php?rest_route=\/wp\/v2\/posts\/6487"}],"collection":[{"href":"https:\/\/szentistvan.dnyem.hu\/index.php?rest_route=\/wp\/v2\/posts"}],"about":[{"href":"https:\/\/szentistvan.dnyem.hu\/index.php?rest_route=\/wp\/v2\/types\/post"}],"author":[{"embeddable":true,"href":"https:\/\/szentistvan.dnyem.hu\/index.php?rest_route=\/wp\/v2\/users\/2"}],"replies":[{"embeddable":true,"href":"https:\/\/szentistvan.dnyem.hu\/index.php?rest_route=%2Fwp%2Fv2%2Fcomments&post=6487"}],"version-history":[{"count":1,"href":"https:\/\/szentistvan.dnyem.hu\/index.php?rest_route=\/wp\/v2\/posts\/6487\/revisions"}],"predecessor-version":[{"id":6488,"href":"https:\/\/szentistvan.dnyem.hu\/index.php?rest_route=\/wp\/v2\/posts\/6487\/revisions\/6488"}],"wp:attachment":[{"href":"https:\/\/szentistvan.dnyem.hu\/index.php?rest_route=%2Fwp%2Fv2%2Fmedia&parent=6487"}],"wp:term":[{"taxonomy":"category","embeddable":true,"href":"https:\/\/szentistvan.dnyem.hu\/index.php?rest_route=%2Fwp%2Fv2%2Fcategories&post=6487"},{"taxonomy":"post_tag","embeddable":true,"href":"https:\/\/szentistvan.dnyem.hu\/index.php?rest_route=%2Fwp%2Fv2%2Ftags&post=6487"}],"curies":[{"name":"wp","href":"https:\/\/api.w.org\/{rel}","templated":true}]}}