{"id":6478,"date":"2025-09-21T21:23:46","date_gmt":"2025-09-21T19:23:46","guid":{"rendered":"https:\/\/szentistvan.dnyem.hu\/?p=6478"},"modified":"2025-09-21T21:23:46","modified_gmt":"2025-09-21T19:23:46","slug":"zarandoklat-2","status":"publish","type":"post","link":"https:\/\/szentistvan.dnyem.hu\/?p=6478","title":{"rendered":"Zar\u00e1ndoklat"},"content":{"rendered":"\n<p><strong>Zar\u00e1ndoklat lesz okt\u00f3ber 5-\u00e9n (vas\u00e1rnap) M\u00e1travereb\u00e9ly-Szentk\u00fatra a Magyarok Nagyasszonya b\u00facs\u00fara,<\/strong> <strong>amelynek sz\u00f3noka f\u0151p\u00e1sztorunk lesz. A busz a J\u00e9zus Sz\u00edve-templomt\u00f3l indul. Az \u00fatik\u00f6lts\u00e9g szem\u00e9lyenk\u00e9nt 6500 Ft. Jelentkezni lehet a 30-9655-657 telefonsz\u00e1mon<\/strong><\/p>\n","protected":false},"excerpt":{"rendered":"<p>Zar\u00e1ndoklat lesz okt\u00f3ber 5-\u00e9n (vas\u00e1rnap) M\u00e1travereb\u00e9ly-Szentk\u00fatra a Magyarok Nagyasszonya b\u00facs\u00fara, amelynek sz\u00f3noka f\u0151p\u00e1sztorunk lesz. A busz a J\u00e9zus Sz\u00edve-templomt\u00f3l indul. Az \u00fatik\u00f6lts\u00e9g szem\u00e9lyenk\u00e9nt 6500 Ft&#8230;.<\/p>\n","protected":false},"author":2,"featured_media":0,"comment_status":"closed","ping_status":"open","sticky":false,"template":"","format":"standard","meta":[],"categories":[1,9,2],"tags":[],"_links":{"self":[{"href":"https:\/\/szentistvan.dnyem.hu\/index.php?rest_route=\/wp\/v2\/posts\/6478"}],"collection":[{"href":"https:\/\/szentistvan.dnyem.hu\/index.php?rest_route=\/wp\/v2\/posts"}],"about":[{"href":"https:\/\/szentistvan.dnyem.hu\/index.php?rest_route=\/wp\/v2\/types\/post"}],"author":[{"embeddable":true,"href":"https:\/\/szentistvan.dnyem.hu\/index.php?rest_route=\/wp\/v2\/users\/2"}],"replies":[{"embeddable":true,"href":"https:\/\/szentistvan.dnyem.hu\/index.php?rest_route=%2Fwp%2Fv2%2Fcomments&post=6478"}],"version-history":[{"count":1,"href":"https:\/\/szentistvan.dnyem.hu\/index.php?rest_route=\/wp\/v2\/posts\/6478\/revisions"}],"predecessor-version":[{"id":6479,"href":"https:\/\/szentistvan.dnyem.hu\/index.php?rest_route=\/wp\/v2\/posts\/6478\/revisions\/6479"}],"wp:attachment":[{"href":"https:\/\/szentistvan.dnyem.hu\/index.php?rest_route=%2Fwp%2Fv2%2Fmedia&parent=6478"}],"wp:term":[{"taxonomy":"category","embeddable":true,"href":"https:\/\/szentistvan.dnyem.hu\/index.php?rest_route=%2Fwp%2Fv2%2Fcategories&post=6478"},{"taxonomy":"post_tag","embeddable":true,"href":"https:\/\/szentistvan.dnyem.hu\/index.php?rest_route=%2Fwp%2Fv2%2Ftags&post=6478"}],"curies":[{"name":"wp","href":"https:\/\/api.w.org\/{rel}","templated":true}]}}