{"id":6476,"date":"2025-09-21T21:21:31","date_gmt":"2025-09-21T19:21:31","guid":{"rendered":"https:\/\/szentistvan.dnyem.hu\/?p=6476"},"modified":"2025-09-21T21:21:31","modified_gmt":"2025-09-21T19:21:31","slug":"szuret-hittanosoknak","status":"publish","type":"post","link":"https:\/\/szentistvan.dnyem.hu\/?p=6476","title":{"rendered":"Sz\u00fcret hittanosoknak"},"content":{"rendered":"\n<p><strong>Szeptember 27-\u00e9n (szombaton) sz\u00fcretre h\u00edvom \u00e9s v\u00e1rom hittanos gyermekeinket, testv\u00e9reiket \u00e9s sz\u00fcleiket Pallagra a Mez\u0151gazdas\u00e1gtudom\u00e1nyi Kar Tangazdas\u00e1g\u00e1nak sz\u0151l\u0151j\u00e9be. Ott lesz a gy\u00fclekez\u0151 f\u00e9l 10-t\u0151l. A biciklisek 8:30-kor indulnak a sz\u00e9kesegyh\u00e1z el\u0151l.<\/strong><br>A szervez\u00e9s \u00e9s eb\u00e9deltet\u00e9s megk\u00f6nny\u00edt\u00e9se \u00e9rdek\u00e9ben feliratkoz\u00e1ssal lehet <strong>jelentkezni a sz\u00fcretre legk\u00e9s\u0151bb szeptember 23-ig a hitoktat\u00f3kn\u00e1l, a sekresty\u00e9ben vagy a pl\u00e9b\u00e1niairod\u00e1n.<\/strong> A r\u00e9sztvev\u0151k k\u00e9st vagy metsz\u0151oll\u00f3t, poharat, t\u00e1ny\u00e9rt \u00e9s kanalat hozzanak magukkal.<\/p>\n","protected":false},"excerpt":{"rendered":"<p>Szeptember 27-\u00e9n (szombaton) sz\u00fcretre h\u00edvom \u00e9s v\u00e1rom hittanos gyermekeinket, testv\u00e9reiket \u00e9s sz\u00fcleiket Pallagra a Mez\u0151gazdas\u00e1gtudom\u00e1nyi Kar Tangazdas\u00e1g\u00e1nak sz\u0151l\u0151j\u00e9be. Ott lesz a gy\u00fclekez\u0151 f\u00e9l 10-t\u0151l. A&#8230;<\/p>\n","protected":false},"author":2,"featured_media":0,"comment_status":"closed","ping_status":"open","sticky":false,"template":"","format":"standard","meta":[],"categories":[1,2],"tags":[],"_links":{"self":[{"href":"https:\/\/szentistvan.dnyem.hu\/index.php?rest_route=\/wp\/v2\/posts\/6476"}],"collection":[{"href":"https:\/\/szentistvan.dnyem.hu\/index.php?rest_route=\/wp\/v2\/posts"}],"about":[{"href":"https:\/\/szentistvan.dnyem.hu\/index.php?rest_route=\/wp\/v2\/types\/post"}],"author":[{"embeddable":true,"href":"https:\/\/szentistvan.dnyem.hu\/index.php?rest_route=\/wp\/v2\/users\/2"}],"replies":[{"embeddable":true,"href":"https:\/\/szentistvan.dnyem.hu\/index.php?rest_route=%2Fwp%2Fv2%2Fcomments&post=6476"}],"version-history":[{"count":1,"href":"https:\/\/szentistvan.dnyem.hu\/index.php?rest_route=\/wp\/v2\/posts\/6476\/revisions"}],"predecessor-version":[{"id":6477,"href":"https:\/\/szentistvan.dnyem.hu\/index.php?rest_route=\/wp\/v2\/posts\/6476\/revisions\/6477"}],"wp:attachment":[{"href":"https:\/\/szentistvan.dnyem.hu\/index.php?rest_route=%2Fwp%2Fv2%2Fmedia&parent=6476"}],"wp:term":[{"taxonomy":"category","embeddable":true,"href":"https:\/\/szentistvan.dnyem.hu\/index.php?rest_route=%2Fwp%2Fv2%2Fcategories&post=6476"},{"taxonomy":"post_tag","embeddable":true,"href":"https:\/\/szentistvan.dnyem.hu\/index.php?rest_route=%2Fwp%2Fv2%2Ftags&post=6476"}],"curies":[{"name":"wp","href":"https:\/\/api.w.org\/{rel}","templated":true}]}}