{"id":6473,"date":"2025-09-21T21:17:57","date_gmt":"2025-09-21T19:17:57","guid":{"rendered":"https:\/\/szentistvan.dnyem.hu\/?p=6473"},"modified":"2025-09-21T21:17:57","modified_gmt":"2025-09-21T19:17:57","slug":"filmklub-8","status":"publish","type":"post","link":"https:\/\/szentistvan.dnyem.hu\/?p=6473","title":{"rendered":"Filmklub"},"content":{"rendered":"\n<p><strong>Szeptember 23-\u00e1n (kedden) 18:00 \u00f3r\u00e1t\u00f3l<\/strong> kezd\u0151dik a filmklub a Varga utca 3 sz\u00e1m alatti Kateketikai K\u00f6zpontban. Megn\u00e9zz\u00fck <strong>a 2016-ban k\u00e9sz\u00fclt \u201e<a href=\"https:\/\/indavideo.hu\/video\/NEMASAG_4\" target=\"_blank\" rel=\"noreferrer noopener\">N\u00e9mas\u00e1g<\/a>\u201d c. amerikai film<\/strong> I. r\u00e9sz\u00e9t. A film a kereszt\u00e9nys\u00e9g terjed\u00e9s\u00e9t, k\u00fczdelm\u00e9t mutatja be \u00c1zsi\u00e1ban.<br>A film II. r\u00e9sz\u00e9t egy h\u00e9ttel k\u00e9s\u0151bb, szept. 30-\u00e1n tekintj\u00fck meg ugyanott.<\/p>\n","protected":false},"excerpt":{"rendered":"<p>Szeptember 23-\u00e1n (kedden) 18:00 \u00f3r\u00e1t\u00f3l kezd\u0151dik a filmklub a Varga utca 3 sz\u00e1m alatti Kateketikai K\u00f6zpontban. Megn\u00e9zz\u00fck a 2016-ban k\u00e9sz\u00fclt \u201eN\u00e9mas\u00e1g\u201d c. amerikai film I&#8230;.<\/p>\n","protected":false},"author":2,"featured_media":0,"comment_status":"closed","ping_status":"open","sticky":false,"template":"","format":"standard","meta":[],"categories":[1,9,2],"tags":[],"_links":{"self":[{"href":"https:\/\/szentistvan.dnyem.hu\/index.php?rest_route=\/wp\/v2\/posts\/6473"}],"collection":[{"href":"https:\/\/szentistvan.dnyem.hu\/index.php?rest_route=\/wp\/v2\/posts"}],"about":[{"href":"https:\/\/szentistvan.dnyem.hu\/index.php?rest_route=\/wp\/v2\/types\/post"}],"author":[{"embeddable":true,"href":"https:\/\/szentistvan.dnyem.hu\/index.php?rest_route=\/wp\/v2\/users\/2"}],"replies":[{"embeddable":true,"href":"https:\/\/szentistvan.dnyem.hu\/index.php?rest_route=%2Fwp%2Fv2%2Fcomments&post=6473"}],"version-history":[{"count":1,"href":"https:\/\/szentistvan.dnyem.hu\/index.php?rest_route=\/wp\/v2\/posts\/6473\/revisions"}],"predecessor-version":[{"id":6474,"href":"https:\/\/szentistvan.dnyem.hu\/index.php?rest_route=\/wp\/v2\/posts\/6473\/revisions\/6474"}],"wp:attachment":[{"href":"https:\/\/szentistvan.dnyem.hu\/index.php?rest_route=%2Fwp%2Fv2%2Fmedia&parent=6473"}],"wp:term":[{"taxonomy":"category","embeddable":true,"href":"https:\/\/szentistvan.dnyem.hu\/index.php?rest_route=%2Fwp%2Fv2%2Fcategories&post=6473"},{"taxonomy":"post_tag","embeddable":true,"href":"https:\/\/szentistvan.dnyem.hu\/index.php?rest_route=%2Fwp%2Fv2%2Ftags&post=6473"}],"curies":[{"name":"wp","href":"https:\/\/api.w.org\/{rel}","templated":true}]}}