{"id":6471,"date":"2025-09-21T21:09:45","date_gmt":"2025-09-21T19:09:45","guid":{"rendered":"https:\/\/szentistvan.dnyem.hu\/?p=6471"},"modified":"2025-09-21T21:09:45","modified_gmt":"2025-09-21T19:09:45","slug":"bibliaora-3","status":"publish","type":"post","link":"https:\/\/szentistvan.dnyem.hu\/?p=6471","title":{"rendered":"Biblia\u00f3ra"},"content":{"rendered":"\n<p>Szeptember 22-t\u0151l (h\u00e9tf\u0151t\u0151l) kezd\u0151dik a biblia\u00f3ra h\u00e9tf\u0151nk\u00e9nt az esti szentmise ut\u00e1n a Szent Anna-sz\u00e9kesegyh\u00e1z 7. term\u00e9ben. Mindenki megh\u00edvott, aki bibli\u00e1s m\u0171velts\u00e9g\u00e9ben n\u00f6vekedni k\u00edv\u00e1n, \u00e9s \u00e9let\u00e9t az Evang\u00e9lium f\u00e9ny\u00e9ben akarja alak\u00edtani.<br>Folytatjuk az Apostolok Cselekedeteinek a magyar\u00e1zat\u00e1t.<\/p>\n","protected":false},"excerpt":{"rendered":"<p>Szeptember 22-t\u0151l (h\u00e9tf\u0151t\u0151l) kezd\u0151dik a biblia\u00f3ra h\u00e9tf\u0151nk\u00e9nt az esti szentmise ut\u00e1n a Szent Anna-sz\u00e9kesegyh\u00e1z 7. term\u00e9ben. Mindenki megh\u00edvott, aki bibli\u00e1s m\u0171velts\u00e9g\u00e9ben n\u00f6vekedni k\u00edv\u00e1n, \u00e9s \u00e9let\u00e9t&#8230;<\/p>\n","protected":false},"author":2,"featured_media":0,"comment_status":"closed","ping_status":"open","sticky":false,"template":"","format":"standard","meta":[],"categories":[1,9,2],"tags":[],"_links":{"self":[{"href":"https:\/\/szentistvan.dnyem.hu\/index.php?rest_route=\/wp\/v2\/posts\/6471"}],"collection":[{"href":"https:\/\/szentistvan.dnyem.hu\/index.php?rest_route=\/wp\/v2\/posts"}],"about":[{"href":"https:\/\/szentistvan.dnyem.hu\/index.php?rest_route=\/wp\/v2\/types\/post"}],"author":[{"embeddable":true,"href":"https:\/\/szentistvan.dnyem.hu\/index.php?rest_route=\/wp\/v2\/users\/2"}],"replies":[{"embeddable":true,"href":"https:\/\/szentistvan.dnyem.hu\/index.php?rest_route=%2Fwp%2Fv2%2Fcomments&post=6471"}],"version-history":[{"count":1,"href":"https:\/\/szentistvan.dnyem.hu\/index.php?rest_route=\/wp\/v2\/posts\/6471\/revisions"}],"predecessor-version":[{"id":6472,"href":"https:\/\/szentistvan.dnyem.hu\/index.php?rest_route=\/wp\/v2\/posts\/6471\/revisions\/6472"}],"wp:attachment":[{"href":"https:\/\/szentistvan.dnyem.hu\/index.php?rest_route=%2Fwp%2Fv2%2Fmedia&parent=6471"}],"wp:term":[{"taxonomy":"category","embeddable":true,"href":"https:\/\/szentistvan.dnyem.hu\/index.php?rest_route=%2Fwp%2Fv2%2Fcategories&post=6471"},{"taxonomy":"post_tag","embeddable":true,"href":"https:\/\/szentistvan.dnyem.hu\/index.php?rest_route=%2Fwp%2Fv2%2Ftags&post=6471"}],"curies":[{"name":"wp","href":"https:\/\/api.w.org\/{rel}","templated":true}]}}