{"id":6440,"date":"2025-09-09T06:09:09","date_gmt":"2025-09-09T04:09:09","guid":{"rendered":"https:\/\/szentistvan.dnyem.hu\/?p=6440"},"modified":"2025-09-14T00:05:05","modified_gmt":"2025-09-13T22:05:05","slug":"csalad-expo","status":"publish","type":"post","link":"https:\/\/szentistvan.dnyem.hu\/?p=6440","title":{"rendered":"Csal\u00e1d Expo"},"content":{"rendered":"\n<p><strong>Szeptember 20-\u00e1n (szombaton) 10:00 \u00f3r\u00e1t\u00f3l a Megtestes\u00fcl\u00e9s Pl\u00e9b\u00e1ni\u00e1n<\/strong> rendezz\u00fck meg az egyh\u00e1zmegyei csal\u00e1di napot, a Csal\u00e1d Expot. A gyermekek fel\u00fcgyelet\u00e9r\u0151l az eg\u00e9sz program ideje alatt gondoskodnak. A r\u00e9sztvev\u0151k kapnak eb\u00e9det. Minden tov\u00e1bbi inform\u00e1ci\u00f3 megtal\u00e1lhat\u00f3 \u00e9s jelentkezni lehet az al\u00e1bbi linken:<br><a href=\"https:\/\/docs.google.com\/forms\/d\/e\/1FAIpQLSdkAdczcr9J3_Tw81d4yfxLqg3vo-jRGWuY7cif2CoGvwEnSQ\/viewform?usp=header\" target=\"_blank\" rel=\"noreferrer noopener\">https:\/\/docs.google.com\/forms\/d\/e\/1FAIpQLSdkAdczcr9J3_Tw81d4yfxLqg3vo-jRGWuY7cif2CoGvwEnSQ\/viewform?usp=header<\/a><\/p>\n","protected":false},"excerpt":{"rendered":"<p>Szeptember 20-\u00e1n (szombaton) 10:00 \u00f3r\u00e1t\u00f3l a Megtestes\u00fcl\u00e9s Pl\u00e9b\u00e1ni\u00e1n rendezz\u00fck meg az egyh\u00e1zmegyei csal\u00e1di napot, a Csal\u00e1d Expot. A gyermekek fel\u00fcgyelet\u00e9r\u0151l az eg\u00e9sz program ideje alatt&#8230;<\/p>\n","protected":false},"author":2,"featured_media":0,"comment_status":"closed","ping_status":"open","sticky":false,"template":"","format":"standard","meta":[],"categories":[1],"tags":[],"_links":{"self":[{"href":"https:\/\/szentistvan.dnyem.hu\/index.php?rest_route=\/wp\/v2\/posts\/6440"}],"collection":[{"href":"https:\/\/szentistvan.dnyem.hu\/index.php?rest_route=\/wp\/v2\/posts"}],"about":[{"href":"https:\/\/szentistvan.dnyem.hu\/index.php?rest_route=\/wp\/v2\/types\/post"}],"author":[{"embeddable":true,"href":"https:\/\/szentistvan.dnyem.hu\/index.php?rest_route=\/wp\/v2\/users\/2"}],"replies":[{"embeddable":true,"href":"https:\/\/szentistvan.dnyem.hu\/index.php?rest_route=%2Fwp%2Fv2%2Fcomments&post=6440"}],"version-history":[{"count":3,"href":"https:\/\/szentistvan.dnyem.hu\/index.php?rest_route=\/wp\/v2\/posts\/6440\/revisions"}],"predecessor-version":[{"id":6457,"href":"https:\/\/szentistvan.dnyem.hu\/index.php?rest_route=\/wp\/v2\/posts\/6440\/revisions\/6457"}],"wp:attachment":[{"href":"https:\/\/szentistvan.dnyem.hu\/index.php?rest_route=%2Fwp%2Fv2%2Fmedia&parent=6440"}],"wp:term":[{"taxonomy":"category","embeddable":true,"href":"https:\/\/szentistvan.dnyem.hu\/index.php?rest_route=%2Fwp%2Fv2%2Fcategories&post=6440"},{"taxonomy":"post_tag","embeddable":true,"href":"https:\/\/szentistvan.dnyem.hu\/index.php?rest_route=%2Fwp%2Fv2%2Ftags&post=6440"}],"curies":[{"name":"wp","href":"https:\/\/api.w.org\/{rel}","templated":true}]}}