{"id":6417,"date":"2025-09-04T22:35:51","date_gmt":"2025-09-04T20:35:51","guid":{"rendered":"https:\/\/szentistvan.dnyem.hu\/?p=6417"},"modified":"2025-09-05T23:43:01","modified_gmt":"2025-09-05T21:43:01","slug":"alazat","status":"publish","type":"post","link":"https:\/\/szentistvan.dnyem.hu\/?p=6417","title":{"rendered":"Al\u00e1zat"},"content":{"rendered":"\n<p>Az \u00e9vk\u00f6zi 22. vas\u00e1rnap (2025. augusztus 31.) al\u00e1zatr\u00f3l sz\u00f3l\u00f3 tan\u00edt\u00e1s\u00e1hoz im\u00e1kat tal\u00e1lunk az al\u00e1bbi linken:<br><a rel=\"noreferrer noopener\" href=\"https:\/\/imalanc.hu\/imak\/ima-az-alazatossagert\" target=\"_blank\">https:\/\/imalanc.hu\/imak\/ima-az-alazatossagert<\/a><\/p>\n\n\n\n<figure class=\"wp-block-image size-large\"><img loading=\"lazy\" width=\"722\" height=\"1024\" src=\"https:\/\/szentistvan.dnyem.hu\/wp-content\/uploads\/2025\/09\/2025_evk_22-722x1024.jpg\" alt=\"\" class=\"wp-image-6431\" srcset=\"https:\/\/szentistvan.dnyem.hu\/wp-content\/uploads\/2025\/09\/2025_evk_22-722x1024.jpg 722w, https:\/\/szentistvan.dnyem.hu\/wp-content\/uploads\/2025\/09\/2025_evk_22-381x540.jpg 381w, https:\/\/szentistvan.dnyem.hu\/wp-content\/uploads\/2025\/09\/2025_evk_22.jpg 764w\" sizes=\"(max-width: 722px) 100vw, 722px\" \/><\/figure>\n","protected":false},"excerpt":{"rendered":"<p>Az \u00e9vk\u00f6zi 22. vas\u00e1rnap (2025. augusztus 31.) al\u00e1zatr\u00f3l sz\u00f3l\u00f3 tan\u00edt\u00e1s\u00e1hoz im\u00e1kat tal\u00e1lunk az al\u00e1bbi linken:https:\/\/imalanc.hu\/imak\/ima-az-alazatossagert<\/p>\n","protected":false},"author":2,"featured_media":0,"comment_status":"closed","ping_status":"open","sticky":false,"template":"","format":"standard","meta":[],"categories":[1,9],"tags":[],"_links":{"self":[{"href":"https:\/\/szentistvan.dnyem.hu\/index.php?rest_route=\/wp\/v2\/posts\/6417"}],"collection":[{"href":"https:\/\/szentistvan.dnyem.hu\/index.php?rest_route=\/wp\/v2\/posts"}],"about":[{"href":"https:\/\/szentistvan.dnyem.hu\/index.php?rest_route=\/wp\/v2\/types\/post"}],"author":[{"embeddable":true,"href":"https:\/\/szentistvan.dnyem.hu\/index.php?rest_route=\/wp\/v2\/users\/2"}],"replies":[{"embeddable":true,"href":"https:\/\/szentistvan.dnyem.hu\/index.php?rest_route=%2Fwp%2Fv2%2Fcomments&post=6417"}],"version-history":[{"count":3,"href":"https:\/\/szentistvan.dnyem.hu\/index.php?rest_route=\/wp\/v2\/posts\/6417\/revisions"}],"predecessor-version":[{"id":6432,"href":"https:\/\/szentistvan.dnyem.hu\/index.php?rest_route=\/wp\/v2\/posts\/6417\/revisions\/6432"}],"wp:attachment":[{"href":"https:\/\/szentistvan.dnyem.hu\/index.php?rest_route=%2Fwp%2Fv2%2Fmedia&parent=6417"}],"wp:term":[{"taxonomy":"category","embeddable":true,"href":"https:\/\/szentistvan.dnyem.hu\/index.php?rest_route=%2Fwp%2Fv2%2Fcategories&post=6417"},{"taxonomy":"post_tag","embeddable":true,"href":"https:\/\/szentistvan.dnyem.hu\/index.php?rest_route=%2Fwp%2Fv2%2Ftags&post=6417"}],"curies":[{"name":"wp","href":"https:\/\/api.w.org\/{rel}","templated":true}]}}