{"id":6382,"date":"2025-08-09T12:30:09","date_gmt":"2025-08-09T10:30:09","guid":{"rendered":"https:\/\/szentistvan.dnyem.hu\/?p=6382"},"modified":"2025-08-09T12:30:09","modified_gmt":"2025-08-09T10:30:09","slug":"koncert-4","status":"publish","type":"post","link":"https:\/\/szentistvan.dnyem.hu\/?p=6382","title":{"rendered":"Koncert"},"content":{"rendered":"\n<p><strong>Augusztus 13-\u00e1n (szerd\u00e1n) a sz\u00e9kesegyh\u00e1zban 20:00 \u00f3r\u00e1t\u00f3l<\/strong> az <a href=\"https:\/\/filharmonia.hu\/fesztivalok\/orgonapont\" target=\"_blank\" rel=\"noreferrer noopener\">Orgonapont<\/a> szervez\u00e9s\u00e9ben <a href=\"https:\/\/filharmonia.hu\/muveszek\/492\/tasi-csaba-orgonamuvesz\" target=\"_blank\" rel=\"noreferrer noopener\">Tasi Csaba orgonam\u0171v\u00e9sz<\/a> \u00e9s a <a href=\"https:\/\/filharmonia.hu\/muveszek\/381\/harmonia-vonosnegyes\" target=\"_blank\" rel=\"noreferrer noopener\">Harm\u00f3nia von\u00f3sn\u00e9gyes<\/a> koncertj\u00e9n vehet\u00fcnk r\u00e9szt.<\/p>\n","protected":false},"excerpt":{"rendered":"<p>Augusztus 13-\u00e1n (szerd\u00e1n) a sz\u00e9kesegyh\u00e1zban 20:00 \u00f3r\u00e1t\u00f3l az Orgonapont szervez\u00e9s\u00e9ben Tasi Csaba orgonam\u0171v\u00e9sz \u00e9s a Harm\u00f3nia von\u00f3sn\u00e9gyes koncertj\u00e9n vehet\u00fcnk r\u00e9szt.<\/p>\n","protected":false},"author":2,"featured_media":0,"comment_status":"closed","ping_status":"open","sticky":false,"template":"","format":"standard","meta":[],"categories":[1,2],"tags":[],"_links":{"self":[{"href":"https:\/\/szentistvan.dnyem.hu\/index.php?rest_route=\/wp\/v2\/posts\/6382"}],"collection":[{"href":"https:\/\/szentistvan.dnyem.hu\/index.php?rest_route=\/wp\/v2\/posts"}],"about":[{"href":"https:\/\/szentistvan.dnyem.hu\/index.php?rest_route=\/wp\/v2\/types\/post"}],"author":[{"embeddable":true,"href":"https:\/\/szentistvan.dnyem.hu\/index.php?rest_route=\/wp\/v2\/users\/2"}],"replies":[{"embeddable":true,"href":"https:\/\/szentistvan.dnyem.hu\/index.php?rest_route=%2Fwp%2Fv2%2Fcomments&post=6382"}],"version-history":[{"count":1,"href":"https:\/\/szentistvan.dnyem.hu\/index.php?rest_route=\/wp\/v2\/posts\/6382\/revisions"}],"predecessor-version":[{"id":6383,"href":"https:\/\/szentistvan.dnyem.hu\/index.php?rest_route=\/wp\/v2\/posts\/6382\/revisions\/6383"}],"wp:attachment":[{"href":"https:\/\/szentistvan.dnyem.hu\/index.php?rest_route=%2Fwp%2Fv2%2Fmedia&parent=6382"}],"wp:term":[{"taxonomy":"category","embeddable":true,"href":"https:\/\/szentistvan.dnyem.hu\/index.php?rest_route=%2Fwp%2Fv2%2Fcategories&post=6382"},{"taxonomy":"post_tag","embeddable":true,"href":"https:\/\/szentistvan.dnyem.hu\/index.php?rest_route=%2Fwp%2Fv2%2Ftags&post=6382"}],"curies":[{"name":"wp","href":"https:\/\/api.w.org\/{rel}","templated":true}]}}