{"id":6377,"date":"2025-08-04T16:48:05","date_gmt":"2025-08-04T14:48:05","guid":{"rendered":"https:\/\/szentistvan.dnyem.hu\/?p=6377"},"modified":"2025-08-04T16:48:05","modified_gmt":"2025-08-04T14:48:05","slug":"karitasz-segelyakcio","status":"publish","type":"post","link":"https:\/\/szentistvan.dnyem.hu\/?p=6377","title":{"rendered":"Karit\u00e1sz seg\u00e9lyakci\u00f3"},"content":{"rendered":"\n<p><strong>Legyen \u00f6r\u00f6m az iskolakezd\u00e9s! \u2013 elnevez\u00e9ssel szeptember v\u00e9g\u00e9ig tart\u00f3 seg\u00e9lyakci\u00f3t ind\u00edtott a Katolikus Karit\u00e1sz.<\/strong> Ezzel nemcsak r\u00e1szorul\u00f3 gyerekek iskolakezd\u00e9s\u00e9t, hanem eg\u00e9sz \u00e9ves tanulm\u00e1nyait t\u00e1mogatj\u00e1k orsz\u00e1gszerte.<strong> Az \u00f6sszefog\u00e1shoz csatlakozhatunk:<\/strong><\/p>\n\n\n\n<ul><li><strong>J\u00f3 \u00e1llapotban l\u00e9v\u0151 iskolat\u00e1sk\u00e1k \u00e9s taneszk\u00f6z\u00f6k gy\u0171jt\u00e9s\u00e9vel<\/strong>; mindezek leadhat\u00f3k a sekresty\u00e9ben vagy a pl\u00e9b\u00e1niairod\u00e1n. P\u00e9nzbeli hozz\u00e1j\u00e1rul\u00e1s gy\u0171jt\u00e9s\u00e9re szolg\u00e1l sz\u00e9kesegyh\u00e1zunkban a bal oldali padt\u00f6mb v\u00e9g\u00e9n tal\u00e1lhat\u00f3 a Karit\u00e1sz-persely.<\/li><li><strong>Az 1356-os adom\u00e1nyvonal h\u00edv\u00e1s\u00e1val<\/strong> (egy h\u00edv\u00e1s 500 forint t\u00e1mogat\u00e1st jelent).<\/li><li><strong>On-line adom\u00e1nyoz\u00e1ssal a Karit\u00e1sz honlapj\u00e1n<\/strong> (<a href=\"http:\/\/www.karitasz.hu\/\"><em>www.karitasz.hu<\/em><\/a>)<\/li><li><strong>A Katolikus Karit\u00e1sz k\u00f6zponti banksz\u00e1ml\u00e1j\u00e1n<\/strong> is v\u00e1rja az adom\u00e1nyokat \u201eIskolakezd\u00e9s\u201d megnevez\u00e9ssel: Raiffeisen Bank 12011148\u201300124534\u201300100008.<\/li><\/ul>\n\n\n\n<p>A t\u00e1mogat\u00e1sok, tanszerek \u00e1tad\u00e1sa augusztus v\u00e9g\u00e9n \u00e9s szeptember elej\u00e9n, az iskolakezd\u00e9s els\u0151 napjaiban lesz.<\/p>\n","protected":false},"excerpt":{"rendered":"<p>Legyen \u00f6r\u00f6m az iskolakezd\u00e9s! \u2013 elnevez\u00e9ssel szeptember v\u00e9g\u00e9ig tart\u00f3 seg\u00e9lyakci\u00f3t ind\u00edtott a Katolikus Karit\u00e1sz. Ezzel nemcsak r\u00e1szorul\u00f3 gyerekek iskolakezd\u00e9s\u00e9t, hanem eg\u00e9sz \u00e9ves tanulm\u00e1nyait t\u00e1mogatj\u00e1k orsz\u00e1gszerte&#8230;.<\/p>\n","protected":false},"author":2,"featured_media":0,"comment_status":"closed","ping_status":"open","sticky":false,"template":"","format":"standard","meta":[],"categories":[1,7,2],"tags":[],"_links":{"self":[{"href":"https:\/\/szentistvan.dnyem.hu\/index.php?rest_route=\/wp\/v2\/posts\/6377"}],"collection":[{"href":"https:\/\/szentistvan.dnyem.hu\/index.php?rest_route=\/wp\/v2\/posts"}],"about":[{"href":"https:\/\/szentistvan.dnyem.hu\/index.php?rest_route=\/wp\/v2\/types\/post"}],"author":[{"embeddable":true,"href":"https:\/\/szentistvan.dnyem.hu\/index.php?rest_route=\/wp\/v2\/users\/2"}],"replies":[{"embeddable":true,"href":"https:\/\/szentistvan.dnyem.hu\/index.php?rest_route=%2Fwp%2Fv2%2Fcomments&post=6377"}],"version-history":[{"count":1,"href":"https:\/\/szentistvan.dnyem.hu\/index.php?rest_route=\/wp\/v2\/posts\/6377\/revisions"}],"predecessor-version":[{"id":6378,"href":"https:\/\/szentistvan.dnyem.hu\/index.php?rest_route=\/wp\/v2\/posts\/6377\/revisions\/6378"}],"wp:attachment":[{"href":"https:\/\/szentistvan.dnyem.hu\/index.php?rest_route=%2Fwp%2Fv2%2Fmedia&parent=6377"}],"wp:term":[{"taxonomy":"category","embeddable":true,"href":"https:\/\/szentistvan.dnyem.hu\/index.php?rest_route=%2Fwp%2Fv2%2Fcategories&post=6377"},{"taxonomy":"post_tag","embeddable":true,"href":"https:\/\/szentistvan.dnyem.hu\/index.php?rest_route=%2Fwp%2Fv2%2Ftags&post=6377"}],"curies":[{"name":"wp","href":"https:\/\/api.w.org\/{rel}","templated":true}]}}