{"id":6364,"date":"2025-07-24T11:12:00","date_gmt":"2025-07-24T09:12:00","guid":{"rendered":"https:\/\/szentistvan.dnyem.hu\/?p=6364"},"modified":"2025-07-24T11:12:00","modified_gmt":"2025-07-24T09:12:00","slug":"eloesti-vasarnapi-szentmise","status":"publish","type":"post","link":"https:\/\/szentistvan.dnyem.hu\/?p=6364","title":{"rendered":"El\u0151esti vas\u00e1rnapi szentmise."},"content":{"rendered":"\n<p><strong>J\u00falius 26-\u00e1n (szombaton) a Szent Antal-k\u00e1poln\u00e1ban 16:30 \u00f3rakor lesz el\u0151esti vas\u00e1rnapi szentmise.<\/strong><\/p>\n","protected":false},"excerpt":{"rendered":"<p>J\u00falius 26-\u00e1n (szombaton) a Szent Antal-k\u00e1poln\u00e1ban 16:30 \u00f3rakor lesz el\u0151esti vas\u00e1rnapi szentmise.<\/p>\n","protected":false},"author":2,"featured_media":0,"comment_status":"closed","ping_status":"open","sticky":false,"template":"","format":"standard","meta":[],"categories":[1,9,2],"tags":[],"_links":{"self":[{"href":"https:\/\/szentistvan.dnyem.hu\/index.php?rest_route=\/wp\/v2\/posts\/6364"}],"collection":[{"href":"https:\/\/szentistvan.dnyem.hu\/index.php?rest_route=\/wp\/v2\/posts"}],"about":[{"href":"https:\/\/szentistvan.dnyem.hu\/index.php?rest_route=\/wp\/v2\/types\/post"}],"author":[{"embeddable":true,"href":"https:\/\/szentistvan.dnyem.hu\/index.php?rest_route=\/wp\/v2\/users\/2"}],"replies":[{"embeddable":true,"href":"https:\/\/szentistvan.dnyem.hu\/index.php?rest_route=%2Fwp%2Fv2%2Fcomments&post=6364"}],"version-history":[{"count":1,"href":"https:\/\/szentistvan.dnyem.hu\/index.php?rest_route=\/wp\/v2\/posts\/6364\/revisions"}],"predecessor-version":[{"id":6365,"href":"https:\/\/szentistvan.dnyem.hu\/index.php?rest_route=\/wp\/v2\/posts\/6364\/revisions\/6365"}],"wp:attachment":[{"href":"https:\/\/szentistvan.dnyem.hu\/index.php?rest_route=%2Fwp%2Fv2%2Fmedia&parent=6364"}],"wp:term":[{"taxonomy":"category","embeddable":true,"href":"https:\/\/szentistvan.dnyem.hu\/index.php?rest_route=%2Fwp%2Fv2%2Fcategories&post=6364"},{"taxonomy":"post_tag","embeddable":true,"href":"https:\/\/szentistvan.dnyem.hu\/index.php?rest_route=%2Fwp%2Fv2%2Ftags&post=6364"}],"curies":[{"name":"wp","href":"https:\/\/api.w.org\/{rel}","templated":true}]}}