{"id":6362,"date":"2025-07-21T16:02:22","date_gmt":"2025-07-21T14:02:22","guid":{"rendered":"https:\/\/szentistvan.dnyem.hu\/?p=6362"},"modified":"2025-07-21T16:02:22","modified_gmt":"2025-07-21T14:02:22","slug":"nagyszulok-es-idosek-vilagnapja","status":"publish","type":"post","link":"https:\/\/szentistvan.dnyem.hu\/?p=6362","title":{"rendered":"Nagysz\u00fcl\u0151k \u00e9s id\u0151sek vil\u00e1gnapja"},"content":{"rendered":"\n<p><strong>J\u00falius 27-\u00e9n (vas\u00e1rnap) tartjuk a <a rel=\"noreferrer noopener\" href=\"https:\/\/www.magyarkurir.hu\/hirek\/pasztoralis-segedlet-nagyszulok-es-idosek-otodik-vilagnapjahoz\" target=\"_blank\">nagysz\u00fcl\u0151k \u00e9s id\u0151sek vil\u00e1gnapj\u00e1t<\/a>. Ezen a vil\u00e1gnapon \u2014 megfelel\u0151 k\u00e9sz\u00fclettel \u2014 <a href=\"https:\/\/mariaszazada.hu\/teljes-bucsu\/\">teljes b\u00facs\u00fa<\/a> nyerhet\u0151 a szokott 3 felt\u00e9tellel: <a href=\"https:\/\/lexikon.katolikus.hu\/S\/szentgy%C3%B3n%C3%A1s.html\">szentgy\u00f3n\u00e1s<\/a>, <a href=\"https:\/\/lexikon.katolikus.hu\/S\/szent%C3%A1ldoz%C3%A1s.html\">szent\u00e1ldoz\u00e1s<\/a> \u00e9s im\u00e1ds\u00e1g a Szentatya sz\u00e1nd\u00e9k\u00e1ra.<\/strong> A Szentatya sz\u00e1nd\u00e9k\u00e1ra t\u00f6rt\u00e9n\u0151 im\u00e1dkoz\u00e1snak eleget tesz\u00fcnk, ha im\u00e1dkozunk egy Miaty\u00e1nkot \u00e9s egy \u00dcdv\u00f6zl\u00e9gyet. Azonban m\u00f3dunkban \u00e1ll b\u00e1rmi m\u00e1s im\u00e1ds\u00e1got felaj\u00e1nlani a Szentatya sz\u00e1nd\u00e9k\u00e1ra.<\/p>\n","protected":false},"excerpt":{"rendered":"<p>J\u00falius 27-\u00e9n (vas\u00e1rnap) tartjuk a nagysz\u00fcl\u0151k \u00e9s id\u0151sek vil\u00e1gnapj\u00e1t. Ezen a vil\u00e1gnapon \u2014 megfelel\u0151 k\u00e9sz\u00fclettel \u2014 teljes b\u00facs\u00fa nyerhet\u0151 a szokott 3 felt\u00e9tellel: szentgy\u00f3n\u00e1s, szent\u00e1ldoz\u00e1s&#8230;<\/p>\n","protected":false},"author":2,"featured_media":0,"comment_status":"closed","ping_status":"open","sticky":false,"template":"","format":"standard","meta":[],"categories":[1,9,2],"tags":[],"_links":{"self":[{"href":"https:\/\/szentistvan.dnyem.hu\/index.php?rest_route=\/wp\/v2\/posts\/6362"}],"collection":[{"href":"https:\/\/szentistvan.dnyem.hu\/index.php?rest_route=\/wp\/v2\/posts"}],"about":[{"href":"https:\/\/szentistvan.dnyem.hu\/index.php?rest_route=\/wp\/v2\/types\/post"}],"author":[{"embeddable":true,"href":"https:\/\/szentistvan.dnyem.hu\/index.php?rest_route=\/wp\/v2\/users\/2"}],"replies":[{"embeddable":true,"href":"https:\/\/szentistvan.dnyem.hu\/index.php?rest_route=%2Fwp%2Fv2%2Fcomments&post=6362"}],"version-history":[{"count":1,"href":"https:\/\/szentistvan.dnyem.hu\/index.php?rest_route=\/wp\/v2\/posts\/6362\/revisions"}],"predecessor-version":[{"id":6363,"href":"https:\/\/szentistvan.dnyem.hu\/index.php?rest_route=\/wp\/v2\/posts\/6362\/revisions\/6363"}],"wp:attachment":[{"href":"https:\/\/szentistvan.dnyem.hu\/index.php?rest_route=%2Fwp%2Fv2%2Fmedia&parent=6362"}],"wp:term":[{"taxonomy":"category","embeddable":true,"href":"https:\/\/szentistvan.dnyem.hu\/index.php?rest_route=%2Fwp%2Fv2%2Fcategories&post=6362"},{"taxonomy":"post_tag","embeddable":true,"href":"https:\/\/szentistvan.dnyem.hu\/index.php?rest_route=%2Fwp%2Fv2%2Ftags&post=6362"}],"curies":[{"name":"wp","href":"https:\/\/api.w.org\/{rel}","templated":true}]}}