{"id":6360,"date":"2025-07-21T15:24:52","date_gmt":"2025-07-21T13:24:52","guid":{"rendered":"https:\/\/szentistvan.dnyem.hu\/?p=6360"},"modified":"2025-07-21T15:24:52","modified_gmt":"2025-07-21T13:24:52","slug":"predikaciosorozat-a-remenyrol","status":"publish","type":"post","link":"https:\/\/szentistvan.dnyem.hu\/?p=6360","title":{"rendered":"Pr\u00e9dik\u00e1ci\u00f3sorozat a rem\u00e9nyr\u0151l"},"content":{"rendered":"\n<p><strong>J\u00falius 23-\u00e1n (szerd\u00e1n) \u00e9s j\u00falius 24-\u00e9n (cs\u00fct\u00f6rt\u00f6k\u00f6n) a Szent Anna sz\u00e9kesegyh\u00e1zban pr\u00e9dik\u00e1ci\u00f3sorozat a rem\u00e9nyr\u0151l a 18:00 \u00f3rai szentmis\u00e9ben.<\/strong><\/p>\n","protected":false},"excerpt":{"rendered":"<p>J\u00falius 23-\u00e1n (szerd\u00e1n) \u00e9s j\u00falius 24-\u00e9n (cs\u00fct\u00f6rt\u00f6k\u00f6n) a Szent Anna sz\u00e9kesegyh\u00e1zban pr\u00e9dik\u00e1ci\u00f3sorozat a rem\u00e9nyr\u0151l a 18:00 \u00f3rai szentmis\u00e9ben.<\/p>\n","protected":false},"author":2,"featured_media":0,"comment_status":"closed","ping_status":"open","sticky":false,"template":"","format":"standard","meta":[],"categories":[9,2],"tags":[],"_links":{"self":[{"href":"https:\/\/szentistvan.dnyem.hu\/index.php?rest_route=\/wp\/v2\/posts\/6360"}],"collection":[{"href":"https:\/\/szentistvan.dnyem.hu\/index.php?rest_route=\/wp\/v2\/posts"}],"about":[{"href":"https:\/\/szentistvan.dnyem.hu\/index.php?rest_route=\/wp\/v2\/types\/post"}],"author":[{"embeddable":true,"href":"https:\/\/szentistvan.dnyem.hu\/index.php?rest_route=\/wp\/v2\/users\/2"}],"replies":[{"embeddable":true,"href":"https:\/\/szentistvan.dnyem.hu\/index.php?rest_route=%2Fwp%2Fv2%2Fcomments&post=6360"}],"version-history":[{"count":1,"href":"https:\/\/szentistvan.dnyem.hu\/index.php?rest_route=\/wp\/v2\/posts\/6360\/revisions"}],"predecessor-version":[{"id":6361,"href":"https:\/\/szentistvan.dnyem.hu\/index.php?rest_route=\/wp\/v2\/posts\/6360\/revisions\/6361"}],"wp:attachment":[{"href":"https:\/\/szentistvan.dnyem.hu\/index.php?rest_route=%2Fwp%2Fv2%2Fmedia&parent=6360"}],"wp:term":[{"taxonomy":"category","embeddable":true,"href":"https:\/\/szentistvan.dnyem.hu\/index.php?rest_route=%2Fwp%2Fv2%2Fcategories&post=6360"},{"taxonomy":"post_tag","embeddable":true,"href":"https:\/\/szentistvan.dnyem.hu\/index.php?rest_route=%2Fwp%2Fv2%2Ftags&post=6360"}],"curies":[{"name":"wp","href":"https:\/\/api.w.org\/{rel}","templated":true}]}}