{"id":6347,"date":"2025-07-07T16:12:39","date_gmt":"2025-07-07T14:12:39","guid":{"rendered":"https:\/\/szentistvan.dnyem.hu\/?p=6347"},"modified":"2025-07-30T18:30:16","modified_gmt":"2025-07-30T16:30:16","slug":"egyhazmegyenk-bucsuja","status":"publish","type":"post","link":"https:\/\/szentistvan.dnyem.hu\/?p=6347","title":{"rendered":"Egyh\u00e1zmegy\u00e9nk b\u00facs\u00faja"},"content":{"rendered":"\n<p><strong><a rel=\"noreferrer noopener\" href=\"https:\/\/dnyem.hu\/programok\/42283\/\" target=\"_blank\">Egyh\u00e1zmegy\u00e9nk b\u00facs\u00faj\u00e1t<\/a> j\u00falius 27-\u00e9n, a h\u00f3nap utols\u00f3 vas\u00e1rnapj\u00e1n, 11 \u00f3r\u00e1t\u00f3l tartottuk M\u00e1riap\u00f3cson.<\/strong><\/p>\n\n\n\n<p><strong>A <a href=\"https:\/\/dnyem.hu\/2025\/07\/28\/egyhazmegyei-bucsu-maraipocson\/\" target=\"_blank\" rel=\"noreferrer noopener\">szentmise<\/a> f\u0151celebr\u00e1nsa \u00e9s sz\u00f3noka f\u0151tisztelend\u0151 dr. P\u00e1pai Lajos nyugalmazott gy\u0151ri p\u00fcsp\u00f6k \u00far volt.<\/strong><\/p>\n","protected":false},"excerpt":{"rendered":"<p>Egyh\u00e1zmegy\u00e9nk b\u00facs\u00faj\u00e1t j\u00falius 27-\u00e9n, a h\u00f3nap utols\u00f3 vas\u00e1rnapj\u00e1n, 11 \u00f3r\u00e1t\u00f3l tartottuk M\u00e1riap\u00f3cson. A szentmise f\u0151celebr\u00e1nsa \u00e9s sz\u00f3noka f\u0151tisztelend\u0151 dr. P\u00e1pai Lajos nyugalmazott gy\u0151ri p\u00fcsp\u00f6k \u00far&#8230;<\/p>\n","protected":false},"author":2,"featured_media":0,"comment_status":"closed","ping_status":"open","sticky":false,"template":"","format":"standard","meta":[],"categories":[1,9,2],"tags":[],"_links":{"self":[{"href":"https:\/\/szentistvan.dnyem.hu\/index.php?rest_route=\/wp\/v2\/posts\/6347"}],"collection":[{"href":"https:\/\/szentistvan.dnyem.hu\/index.php?rest_route=\/wp\/v2\/posts"}],"about":[{"href":"https:\/\/szentistvan.dnyem.hu\/index.php?rest_route=\/wp\/v2\/types\/post"}],"author":[{"embeddable":true,"href":"https:\/\/szentistvan.dnyem.hu\/index.php?rest_route=\/wp\/v2\/users\/2"}],"replies":[{"embeddable":true,"href":"https:\/\/szentistvan.dnyem.hu\/index.php?rest_route=%2Fwp%2Fv2%2Fcomments&post=6347"}],"version-history":[{"count":3,"href":"https:\/\/szentistvan.dnyem.hu\/index.php?rest_route=\/wp\/v2\/posts\/6347\/revisions"}],"predecessor-version":[{"id":6370,"href":"https:\/\/szentistvan.dnyem.hu\/index.php?rest_route=\/wp\/v2\/posts\/6347\/revisions\/6370"}],"wp:attachment":[{"href":"https:\/\/szentistvan.dnyem.hu\/index.php?rest_route=%2Fwp%2Fv2%2Fmedia&parent=6347"}],"wp:term":[{"taxonomy":"category","embeddable":true,"href":"https:\/\/szentistvan.dnyem.hu\/index.php?rest_route=%2Fwp%2Fv2%2Fcategories&post=6347"},{"taxonomy":"post_tag","embeddable":true,"href":"https:\/\/szentistvan.dnyem.hu\/index.php?rest_route=%2Fwp%2Fv2%2Ftags&post=6347"}],"curies":[{"name":"wp","href":"https:\/\/api.w.org\/{rel}","templated":true}]}}