{"id":6345,"date":"2025-07-07T16:10:31","date_gmt":"2025-07-07T14:10:31","guid":{"rendered":"https:\/\/szentistvan.dnyem.hu\/?p=6345"},"modified":"2025-07-17T16:45:14","modified_gmt":"2025-07-17T14:45:14","slug":"szekesegyhazunk-bucsuja","status":"publish","type":"post","link":"https:\/\/szentistvan.dnyem.hu\/?p=6345","title":{"rendered":"Sz\u00e9kesegyh\u00e1zunk b\u00facs\u00faja"},"content":{"rendered":"\n<p><strong>Sz\u00e9kesegyh\u00e1zunk b\u00facs\u00faj\u00e1t j\u00falius 26-\u00e1n, szombaton a 18 \u00f3rai szentmis\u00e9ben \u00fcnnepelj\u00fck.<\/strong><\/p>\n\n\n\n<p><strong>A szentmise f\u0151celebr\u00e1nsa \u00e9s sz\u00f3noka P\u00e9k S\u00e1ndor nagyv\u00e1radi sz\u00e9kesegyh\u00e1zi pl\u00e9b\u00e1nos.<\/strong><\/p>\n","protected":false},"excerpt":{"rendered":"<p>Sz\u00e9kesegyh\u00e1zunk b\u00facs\u00faj\u00e1t j\u00falius 26-\u00e1n, szombaton a 18 \u00f3rai szentmis\u00e9ben \u00fcnnepelj\u00fck. A szentmise f\u0151celebr\u00e1nsa \u00e9s sz\u00f3noka P\u00e9k S\u00e1ndor nagyv\u00e1radi sz\u00e9kesegyh\u00e1zi pl\u00e9b\u00e1nos.<\/p>\n","protected":false},"author":2,"featured_media":0,"comment_status":"closed","ping_status":"open","sticky":false,"template":"","format":"standard","meta":[],"categories":[1,9,2],"tags":[],"_links":{"self":[{"href":"https:\/\/szentistvan.dnyem.hu\/index.php?rest_route=\/wp\/v2\/posts\/6345"}],"collection":[{"href":"https:\/\/szentistvan.dnyem.hu\/index.php?rest_route=\/wp\/v2\/posts"}],"about":[{"href":"https:\/\/szentistvan.dnyem.hu\/index.php?rest_route=\/wp\/v2\/types\/post"}],"author":[{"embeddable":true,"href":"https:\/\/szentistvan.dnyem.hu\/index.php?rest_route=\/wp\/v2\/users\/2"}],"replies":[{"embeddable":true,"href":"https:\/\/szentistvan.dnyem.hu\/index.php?rest_route=%2Fwp%2Fv2%2Fcomments&post=6345"}],"version-history":[{"count":2,"href":"https:\/\/szentistvan.dnyem.hu\/index.php?rest_route=\/wp\/v2\/posts\/6345\/revisions"}],"predecessor-version":[{"id":6355,"href":"https:\/\/szentistvan.dnyem.hu\/index.php?rest_route=\/wp\/v2\/posts\/6345\/revisions\/6355"}],"wp:attachment":[{"href":"https:\/\/szentistvan.dnyem.hu\/index.php?rest_route=%2Fwp%2Fv2%2Fmedia&parent=6345"}],"wp:term":[{"taxonomy":"category","embeddable":true,"href":"https:\/\/szentistvan.dnyem.hu\/index.php?rest_route=%2Fwp%2Fv2%2Fcategories&post=6345"},{"taxonomy":"post_tag","embeddable":true,"href":"https:\/\/szentistvan.dnyem.hu\/index.php?rest_route=%2Fwp%2Fv2%2Ftags&post=6345"}],"curies":[{"name":"wp","href":"https:\/\/api.w.org\/{rel}","templated":true}]}}