{"id":6343,"date":"2025-07-07T16:07:59","date_gmt":"2025-07-07T14:07:59","guid":{"rendered":"https:\/\/szentistvan.dnyem.hu\/?p=6343"},"modified":"2025-07-07T16:07:59","modified_gmt":"2025-07-07T14:07:59","slug":"betegek-szentsege","status":"publish","type":"post","link":"https:\/\/szentistvan.dnyem.hu\/?p=6343","title":{"rendered":"Betegek szents\u00e9ge"},"content":{"rendered":"\n<p><strong>J\u00falius 25-\u00e9n, p\u00e9nteken a sz\u00e9kesegyh\u00e1zban a 18 \u00f3rai szentmis\u00e9ben kiszolg\u00e1ltatjuk a <a href=\"https:\/\/lexikon.katolikus.hu\/B\/betegek%20kenete.html\">betegek szents\u00e9g\u00e9t<\/a>. <\/strong>Buzd\u00edtom id\u0151s \u00e9s beteg Testv\u00e9reinket, hogy e szents\u00e9g felv\u00e9tel\u00e9vel er\u0151s\u00edts\u00e9k k\u00f6t\u0151d\u00e9s\u00fcket J\u00e9zus Krisztushoz. A szents\u00e9g gy\u00fcm\u00f6lcs\u00f6z\u0151 felv\u00e9tel\u00e9nek felt\u00e9tele a szentgy\u00f3n\u00e1s \u00e9s szent\u00e1ldoz\u00e1s, amely l\u00e1that\u00f3an kifejezi teljes k\u00f6z\u00f6ss\u00e9g\u00fcnket J\u00e9zus Krisztussal. A szents\u00e9g felv\u00e9tel\u00e9re jelentkezhetnek a sekresty\u00e9ben, vagy a pl\u00e9b\u00e1niairod\u00e1n.<\/p>\n","protected":false},"excerpt":{"rendered":"<p>J\u00falius 25-\u00e9n, p\u00e9nteken a sz\u00e9kesegyh\u00e1zban a 18 \u00f3rai szentmis\u00e9ben kiszolg\u00e1ltatjuk a betegek szents\u00e9g\u00e9t. Buzd\u00edtom id\u0151s \u00e9s beteg Testv\u00e9reinket, hogy e szents\u00e9g felv\u00e9tel\u00e9vel er\u0151s\u00edts\u00e9k k\u00f6t\u0151d\u00e9s\u00fcket J\u00e9zus&#8230;<\/p>\n","protected":false},"author":2,"featured_media":0,"comment_status":"closed","ping_status":"open","sticky":false,"template":"","format":"standard","meta":[],"categories":[1,9,2],"tags":[],"_links":{"self":[{"href":"https:\/\/szentistvan.dnyem.hu\/index.php?rest_route=\/wp\/v2\/posts\/6343"}],"collection":[{"href":"https:\/\/szentistvan.dnyem.hu\/index.php?rest_route=\/wp\/v2\/posts"}],"about":[{"href":"https:\/\/szentistvan.dnyem.hu\/index.php?rest_route=\/wp\/v2\/types\/post"}],"author":[{"embeddable":true,"href":"https:\/\/szentistvan.dnyem.hu\/index.php?rest_route=\/wp\/v2\/users\/2"}],"replies":[{"embeddable":true,"href":"https:\/\/szentistvan.dnyem.hu\/index.php?rest_route=%2Fwp%2Fv2%2Fcomments&post=6343"}],"version-history":[{"count":1,"href":"https:\/\/szentistvan.dnyem.hu\/index.php?rest_route=\/wp\/v2\/posts\/6343\/revisions"}],"predecessor-version":[{"id":6344,"href":"https:\/\/szentistvan.dnyem.hu\/index.php?rest_route=\/wp\/v2\/posts\/6343\/revisions\/6344"}],"wp:attachment":[{"href":"https:\/\/szentistvan.dnyem.hu\/index.php?rest_route=%2Fwp%2Fv2%2Fmedia&parent=6343"}],"wp:term":[{"taxonomy":"category","embeddable":true,"href":"https:\/\/szentistvan.dnyem.hu\/index.php?rest_route=%2Fwp%2Fv2%2Fcategories&post=6343"},{"taxonomy":"post_tag","embeddable":true,"href":"https:\/\/szentistvan.dnyem.hu\/index.php?rest_route=%2Fwp%2Fv2%2Ftags&post=6343"}],"curies":[{"name":"wp","href":"https:\/\/api.w.org\/{rel}","templated":true}]}}