{"id":6325,"date":"2025-06-24T13:22:43","date_gmt":"2025-06-24T11:22:43","guid":{"rendered":"https:\/\/szentistvan.dnyem.hu\/?p=6325"},"modified":"2025-06-24T13:22:43","modified_gmt":"2025-06-24T11:22:43","slug":"egyhazmegyei-csaladtabor","status":"publish","type":"post","link":"https:\/\/szentistvan.dnyem.hu\/?p=6325","title":{"rendered":"Egyh\u00e1zmegyei csal\u00e1dt\u00e1bor"},"content":{"rendered":"\n<p><strong>Egyh\u00e1zmegyei csal\u00e1dt\u00e1bor lesz j\u00falius 27-\u00e9n vas\u00e1rnap est\u00e9t\u0151l<\/strong> (az egyh\u00e1zmegyei b\u00facs\u00fa ut\u00e1n) <strong>j\u00falius 31-\u00e9n cs\u00fct\u00f6rt\u00f6k d\u00e9lut\u00e1nig a Rudab\u00e1ny\u00e1cska mellett l\u00e9v\u0151 Smaragdv\u00f6lgy Pihen\u0151parkban<\/strong>. A t\u00e1borban val\u00f3 r\u00e9szv\u00e9telt Pal\u00e1nki Ferenc p\u00fcsp\u00f6k atya \u00e9s az egyh\u00e1zmegye is t\u00e1mogatja, \u00edgy <strong>a r\u00e9szv\u00e9teli d\u00edj feln\u0151tteknek kb. 60.000 Ft, gyermekeknek kb. 50.000 Ft, n\u00e9gy \u00e9ven aluli gyermekeknek ingyenes.<\/strong><\/p>\n\n\n\n<p><strong>A r\u00e9szv\u00e9teli d\u00edj a teljes ell\u00e1t\u00e1st fedezi. \u00c9rdekl\u0151dni \u00e9s jelentkezni lehet az <a rel=\"noreferrer noopener\" href=\"https:\/\/dnyem.hu\/2025\/06\/19\/egyhazmegyei-csalad-tabor-a-smaragdvolgy-pihenoparkban-2025-julius-27-31\/\" target=\"_blank\">egyh\u00e1zmegyei honlapon<\/a> \u00e9s <a rel=\"noreferrer noopener\" href=\"https:\/\/www.facebook.com\/dnyem\" target=\"_blank\">Facebook oldalon<\/a> is megtal\u00e1lhat\u00f3 <a href=\"https:\/\/docs.google.com\/forms\/d\/e\/1FAIpQLSeUiIdDVXG4TDhpLr80hjtcPT8us2pw3fZKFUHFqQiUDvMWPw\/viewform?usp=header\" target=\"_blank\" rel=\"noreferrer noopener\">elektronikus \u0171rlapon<\/a>, vagy pedig a dnyem.csaladpasztoracio@gmail.com email c\u00edmen lehet. <\/strong>A t\u00e1bor kb. 50 f\u00e9r\u0151helyes.<\/p>\n\n\n\n<p>Az Egyh\u00e1z csal\u00e1dban kezd\u0151dik. Im\u00e1dkozzunk csal\u00e1djaink\u00e9rt!<\/p>\n","protected":false},"excerpt":{"rendered":"<p>Egyh\u00e1zmegyei csal\u00e1dt\u00e1bor lesz j\u00falius 27-\u00e9n vas\u00e1rnap est\u00e9t\u0151l (az egyh\u00e1zmegyei b\u00facs\u00fa ut\u00e1n) j\u00falius 31-\u00e9n cs\u00fct\u00f6rt\u00f6k d\u00e9lut\u00e1nig a Rudab\u00e1ny\u00e1cska mellett l\u00e9v\u0151 Smaragdv\u00f6lgy Pihen\u0151parkban. A t\u00e1borban val\u00f3 r\u00e9szv\u00e9telt&#8230;<\/p>\n","protected":false},"author":2,"featured_media":0,"comment_status":"closed","ping_status":"open","sticky":false,"template":"","format":"standard","meta":[],"categories":[1,2],"tags":[],"_links":{"self":[{"href":"https:\/\/szentistvan.dnyem.hu\/index.php?rest_route=\/wp\/v2\/posts\/6325"}],"collection":[{"href":"https:\/\/szentistvan.dnyem.hu\/index.php?rest_route=\/wp\/v2\/posts"}],"about":[{"href":"https:\/\/szentistvan.dnyem.hu\/index.php?rest_route=\/wp\/v2\/types\/post"}],"author":[{"embeddable":true,"href":"https:\/\/szentistvan.dnyem.hu\/index.php?rest_route=\/wp\/v2\/users\/2"}],"replies":[{"embeddable":true,"href":"https:\/\/szentistvan.dnyem.hu\/index.php?rest_route=%2Fwp%2Fv2%2Fcomments&post=6325"}],"version-history":[{"count":1,"href":"https:\/\/szentistvan.dnyem.hu\/index.php?rest_route=\/wp\/v2\/posts\/6325\/revisions"}],"predecessor-version":[{"id":6326,"href":"https:\/\/szentistvan.dnyem.hu\/index.php?rest_route=\/wp\/v2\/posts\/6325\/revisions\/6326"}],"wp:attachment":[{"href":"https:\/\/szentistvan.dnyem.hu\/index.php?rest_route=%2Fwp%2Fv2%2Fmedia&parent=6325"}],"wp:term":[{"taxonomy":"category","embeddable":true,"href":"https:\/\/szentistvan.dnyem.hu\/index.php?rest_route=%2Fwp%2Fv2%2Fcategories&post=6325"},{"taxonomy":"post_tag","embeddable":true,"href":"https:\/\/szentistvan.dnyem.hu\/index.php?rest_route=%2Fwp%2Fv2%2Ftags&post=6325"}],"curies":[{"name":"wp","href":"https:\/\/api.w.org\/{rel}","templated":true}]}}